{"id":65509,"date":"2025-04-30T23:10:19","date_gmt":"2025-04-30T23:10:19","guid":{"rendered":"https:\/\/www.europesays.com\/fr\/65509\/"},"modified":"2025-04-30T23:10:19","modified_gmt":"2025-04-30T23:10:19","slug":"lilian-dejean-fait-chevalier-de-la-legion-dhonneur-a-titre-posthume","status":"publish","type":"post","link":"https:\/\/www.europesays.com\/fr\/65509\/","title":{"rendered":"Lilian Dejean fait chevalier de la L\u00e9gion d\u2019honneur \u00e0 titre posthume"},"content":{"rendered":"<p><img decoding=\"async\" class=\"caas-img caas-lazy has-preview\" src=\"https:\/\/www.europesays.com\/fr\/wp-content\/uploads\/2025\/04\/03e7963f3805952979971398f6c95455.jpeg\"\/><\/p>\n<p>Un hommage \u00e0 titre posthume. <a href=\"https:\/\/fr.news.yahoo.com\/fi%C3%A8re-papa-fille-lilian-dejean-070049687.html\" data-ylk=\"slk:Lilian Dejean;elm:context_link;itc:0;sec:content-canvas;outcm:mb_qualified_link;_E:mb_qualified_link;ct:story;\" class=\"link  yahoo-link\" target=\"_blank\" rel=\"noopener\">Lilian Dejean<\/a>, mort \u00e0 Grenoble (Is\u00e8re) le 8 septembre 2024 dernier, tu\u00e9 par un homme \u00e0 l&rsquo;origine d&rsquo;un accident de la route, a \u00e9t\u00e9 fait chevalier de la L\u00e9gion d&rsquo;honneur ce mardi 29 avril. La d\u00e9coration a \u00e9t\u00e9 annonc\u00e9e par un d\u00e9cret du pr\u00e9sident de la R\u00e9publique.<\/p>\n<p>L&rsquo;homme accus\u00e9 de son meurtre cherchait \u00e0 fuir son v\u00e9hicule, \u00ab\u00a0une Audi RS3 avec une plaque polonaise\u00a0\u00bb, lorsqu&rsquo;il s&rsquo;est retrouv\u00e9 face \u00e0 Lilian Dejean. L&rsquo;homme, arm\u00e9, avait alors ouvert le feu sur l&rsquo;agent le touchant \u00e0 deux reprises. La victime, \u00e2g\u00e9e de 49 ans, est morte des suites de ses blessures une poign\u00e9e d&rsquo;heures plus tard, apr\u00e8s avoir \u00e9t\u00e9 pris en charge par les services de secours.<\/p>\n<p>Le suspect bien connu de la justice<\/p>\n<p>Apr\u00e8s 30 ans de services en tant qu&rsquo;agent municipal \u00e0 Grenoble, Lilian Dejean \u00ab\u00a0est mort dans l&rsquo;exercice de ses fonctions\u00a0\u00bb, pr\u00e9cise le Journal Officiel.<\/p>\n<p>Le suspect, lui, a \u00e9t\u00e9 mis en examen en novembre dernier pour meurtre et a \u00e9t\u00e9 \u00e9crou\u00e9. Il avait \u00e9t\u00e9 <a href=\"https:\/\/fr.news.yahoo.com\/agent-municipal-tu%C3%A9-%C3%A0-grenoble-180543232.html\" data-ylk=\"slk:interpell\u00e9 au Portugal apr\u00e8s 74 jours de cavale;elm:context_link;itc:0;sec:content-canvas;outcm:mb_qualified_link;_E:mb_qualified_link;ct:story;\" class=\"link  yahoo-link\" target=\"_blank\" rel=\"noopener\">interpell\u00e9 au Portugal apr\u00e8s 74 jours de cavale<\/a>. Domicili\u00e9 dans la banlieue de Grenoble, il avait, selon le parquet, 19 condamnations \u00e0 son casier judiciaire. Ces derni\u00e8res pour des faits li\u00e9s \u00e0 du trafic de stup\u00e9fiants ou de violences.<\/p>\n<p><a href=\"https:\/\/www.bfmtv.com\/societe\/agent-municipal-tue-a-grenoble-lilian-dejean-fait-chevalier-de-la-legion-d-honneur-a-titre-posthume_AN-202504300622.html#xtor=AL-68\" rel=\"nofollow noopener\" target=\"_blank\" data-ylk=\"slk:Article original publi\u00e9 sur BFMTV.com;elm:context_link;itc:0;sec:content-canvas\" class=\"link \">Article original publi\u00e9 sur BFMTV.com<\/a><\/p>\n","protected":false},"excerpt":{"rendered":"Un hommage \u00e0 titre posthume. Lilian Dejean, mort \u00e0 Grenoble (Is\u00e8re) le 8 septembre 2024 dernier, tu\u00e9 par&hellip;\n","protected":false},"author":2,"featured_media":65510,"comment_status":"","ping_status":"","sticky":false,"template":"","format":"standard","meta":{"footnotes":""},"categories":[9566],"tags":[4376,1111,11,2430,16520,1777,674,1011,27,2731,16523,12,10253,25,16522,16521],"class_list":{"0":"post-65509","1":"post","2":"type-post","3":"status-publish","4":"format-standard","5":"has-post-thumbnail","7":"category-grenoble","8":"tag-accident-de-la-route","9":"tag-actu","10":"tag-actualites","11":"tag-auvergne-rhone-alpes","12":"tag-chevalier-de-la-legion-dhonneur","13":"tag-eu","14":"tag-europe","15":"tag-fr","16":"tag-france","17":"tag-grenoble","18":"tag-lilian","19":"tag-news","20":"tag-president-de-la-republique","21":"tag-republique-francaise","22":"tag-services-de-secours","23":"tag-titre-posthume"},"share_on_mastodon":{"url":"https:\/\/pubeurope.com\/@fr\/114429442370739122","error":""},"_links":{"self":[{"href":"https:\/\/www.europesays.com\/fr\/wp-json\/wp\/v2\/posts\/65509","targetHints":{"allow":["GET"]}}],"collection":[{"href":"https:\/\/www.europesays.com\/fr\/wp-json\/wp\/v2\/posts"}],"about":[{"href":"https:\/\/www.europesays.com\/fr\/wp-json\/wp\/v2\/types\/post"}],"author":[{"embeddable":true,"href":"https:\/\/www.europesays.com\/fr\/wp-json\/wp\/v2\/users\/2"}],"replies":[{"embeddable":true,"href":"https:\/\/www.europesays.com\/fr\/wp-json\/wp\/v2\/comments?post=65509"}],"version-history":[{"count":0,"href":"https:\/\/www.europesays.com\/fr\/wp-json\/wp\/v2\/posts\/65509\/revisions"}],"wp:featuredmedia":[{"embeddable":true,"href":"https:\/\/www.europesays.com\/fr\/wp-json\/wp\/v2\/media\/65510"}],"wp:attachment":[{"href":"https:\/\/www.europesays.com\/fr\/wp-json\/wp\/v2\/media?parent=65509"}],"wp:term":[{"taxonomy":"category","embeddable":true,"href":"https:\/\/www.europesays.com\/fr\/wp-json\/wp\/v2\/categories?post=65509"},{"taxonomy":"post_tag","embeddable":true,"href":"https:\/\/www.europesays.com\/fr\/wp-json\/wp\/v2\/tags?post=65509"}],"curies":[{"name":"wp","href":"https:\/\/api.w.org\/{rel}","templated":true}]}}