{"id":655104,"date":"2026-01-11T00:50:12","date_gmt":"2026-01-11T00:50:12","guid":{"rendered":"https:\/\/www.europesays.com\/fr\/655104\/"},"modified":"2026-01-11T00:50:12","modified_gmt":"2026-01-11T00:50:12","slug":"lyon-aider-un-etudiant-en-difficulte-a-tenir-le-coup-comment-ca-marche","status":"publish","type":"post","link":"https:\/\/www.europesays.com\/fr\/655104\/","title":{"rendered":"Lyon. Aider un \u00e9tudiant en difficult\u00e9 \u00ab\u00a0\u00e0 tenir le coup\u00a0\u00bb\u00a0: comment \u00e7a marche"},"content":{"rendered":"<p>\u00c0 Lyon, berceau de l\u2019association 1Cabaspour1Etudiant, plus de 66\u00a0000 \u00e9tudiants sautent des repas faute de moyens et 40\u00a0000 d\u2019entre eux vivent sous le seuil de pauvret\u00e9.<\/p>\n<p>\u00ab\u00a0L\u2019inflation continue d\u2019impacter le quotidien et les jeunes en \u00e9tudes sup\u00e9rieures sont parmi les plus durement touch\u00e9s\u00a0\u00bb, explique Marion Dolisy Galzy, pr\u00e9sidente fondatrice.<\/p>\n<p>Depuis cinq ans, l\u2019association propose une solution simple et humaine, le parrainage solidaire de proximit\u00e9\u00a0: un citoyen accompagne un \u00e9tudiant en&#8230;<\/p>\n","protected":false},"excerpt":{"rendered":"\u00c0 Lyon, berceau de l\u2019association 1Cabaspour1Etudiant, plus de 66\u00a0000 \u00e9tudiants sautent des repas faute de moyens et 40\u00a0000&hellip;\n","protected":false},"author":2,"featured_media":655105,"comment_status":"","ping_status":"","sticky":false,"template":"","format":"standard","meta":{"footnotes":""},"categories":[1889],"tags":[1111,11,2430,2757,1777,674,1011,27,2428,2756,12,25,104],"class_list":{"0":"post-655104","1":"post","2":"type-post","3":"status-publish","4":"format-standard","5":"has-post-thumbnail","7":"category-lyon","8":"tag-actu","9":"tag-actualites","10":"tag-auvergne-rhone-alpes","11":"tag-edition-lyon-villeurbanne","12":"tag-eu","13":"tag-europe","14":"tag-fr","15":"tag-france","16":"tag-lyon","17":"tag-lyon-bassin","18":"tag-news","19":"tag-republique-francaise","20":"tag-societe"},"share_on_mastodon":{"url":"https:\/\/pubeurope.com\/@fr\/115873724808329918","error":""},"_links":{"self":[{"href":"https:\/\/www.europesays.com\/fr\/wp-json\/wp\/v2\/posts\/655104","targetHints":{"allow":["GET"]}}],"collection":[{"href":"https:\/\/www.europesays.com\/fr\/wp-json\/wp\/v2\/posts"}],"about":[{"href":"https:\/\/www.europesays.com\/fr\/wp-json\/wp\/v2\/types\/post"}],"author":[{"embeddable":true,"href":"https:\/\/www.europesays.com\/fr\/wp-json\/wp\/v2\/users\/2"}],"replies":[{"embeddable":true,"href":"https:\/\/www.europesays.com\/fr\/wp-json\/wp\/v2\/comments?post=655104"}],"version-history":[{"count":0,"href":"https:\/\/www.europesays.com\/fr\/wp-json\/wp\/v2\/posts\/655104\/revisions"}],"wp:featuredmedia":[{"embeddable":true,"href":"https:\/\/www.europesays.com\/fr\/wp-json\/wp\/v2\/media\/655105"}],"wp:attachment":[{"href":"https:\/\/www.europesays.com\/fr\/wp-json\/wp\/v2\/media?parent=655104"}],"wp:term":[{"taxonomy":"category","embeddable":true,"href":"https:\/\/www.europesays.com\/fr\/wp-json\/wp\/v2\/categories?post=655104"},{"taxonomy":"post_tag","embeddable":true,"href":"https:\/\/www.europesays.com\/fr\/wp-json\/wp\/v2\/tags?post=655104"}],"curies":[{"name":"wp","href":"https:\/\/api.w.org\/{rel}","templated":true}]}}