{"id":655109,"date":"2026-01-11T00:54:10","date_gmt":"2026-01-11T00:54:10","guid":{"rendered":"https:\/\/www.europesays.com\/fr\/655109\/"},"modified":"2026-01-11T00:54:10","modified_gmt":"2026-01-11T00:54:10","slug":"une-enquete-ouverte-par-le-parquet-de-paris-apres-la-plainte-du-journaliste-thomas-legrand","status":"publish","type":"post","link":"https:\/\/www.europesays.com\/fr\/655109\/","title":{"rendered":"Une enqu\u00eate ouverte par le parquet de Paris apr\u00e8s la plainte du journaliste Thomas Legrand"},"content":{"rendered":"<p>                    Par<br \/>\n        <strong><br \/>\n            <a href=\"https:\/\/actu.fr\/auteur\/redaction-paris\" title=\"Consulter tous les articles de R\u00e9daction Paris\" target=\"_blank\" rel=\"noopener\">R\u00e9daction Paris<\/a><br \/>\n                    <\/strong><\/p>\n<p>        Publi\u00e9 le<\/p>\n<p>            10 janv. 2026 \u00e0 19h00        <\/p>\n<p>Une nouvelle br\u00e8che judiciaire dans la guerre entre <strong>Thomas Legrand<\/strong> et la <strong>galaxie Bollor\u00e9<\/strong>. Ce samedi 10\u00a0janvier 2026, le <a href=\"https:\/\/actu.fr\/tag\/tribunal-de-paris\" target=\"_blank\" rel=\"noopener\">parquet de Paris<\/a> a fait savoir qu\u2019une <strong>enqu\u00eate<\/strong> avait \u00e9t\u00e9 ouverte pour \u00ab\u2009atteinte \u00e0 l\u2019intimit\u00e9 de la vie priv\u00e9e\u2009\u00bb apr\u00e8s une plainte d\u00e9pos\u00e9e par le journaliste Thomas Legrand, rapporte l\u2019Agence France-Presse (AFP), confirmant une information r\u00e9v\u00e9l\u00e9e par <a href=\"https:\/\/www.leparisien.fr\/culture-loisirs\/tv\/affaire-legrand-bloch-a-france-inter-le-parquet-de-paris-ouvre-une-enquete-10-01-2026-VLJYG4CXOFGFFJGRRGBJRL4CAI.php\" target=\"_blank\" rel=\"noopener\">Le Parisien<\/a>.<\/p>\n<p>\u00ab\u2009Notre discussion a \u00e9t\u00e9 enregistr\u00e9e \u00e0 notre insu\u2009\u00bb<\/p>\n<p class=\" wall-content\">Le journaliste et \u00e9ditorialiste pour le journal Lib\u00e9ration avait port\u00e9 plainte en d\u00e9cembre\u00a02025 apr\u00e8s qu\u2019une discussion priv\u00e9e avec l\u2019ex-patronne de France Inter <strong>Laurence Bloch<\/strong> eut \u00e9t\u00e9 diffus\u00e9e sur plusieurs m\u00e9dias appartenant au milliardaire Vincent Bollor\u00e9, notamment Europe 1 et CNews.<\/p>\n<p class=\" wall-content\">\u00ab\u2009Notre discussion a \u00e9t\u00e9 enregistr\u00e9e \u00e0 notre insu\u2009\u00bb, alors qu\u2019il s\u2019agissait d\u2019\u00ab\u2009un rendez-vous priv\u00e9 entre deux amis\u2009\u00bb, avait ainsi d\u00e9clar\u00e9 Thomas Legrand, \u00e9voquant un \u00ab\u2009espionnage\u2009\u00bb. Cette affaire rappelle un autre enregistrement vid\u00e9o clandestin capt\u00e9 dans un caf\u00e9 dans lequel figurent Thomas Legrand et le journaliste <strong>Patrick Cohen<\/strong>, et des responsables du <a href=\"https:\/\/actu.fr\/tag\/parti-socialiste-ps\" target=\"_blank\" rel=\"noopener\">Parti socialiste<\/a>.<\/p>\n<p class=\" wall-content\">L\u2019affaire, qui avait circul\u00e9 dans les m\u00e9dias de l\u2019homme d\u2019affaires breton, aux positions conservatrices, avait d\u00e9bouch\u00e9 sur un d\u00e9p\u00f4t de plainte, puis une enqu\u00eate ouverte \u00e9galement pour \u00ab\u2009atteinte \u00e0 l\u2019intimit\u00e9 de la vie priv\u00e9e\u2009\u00bb.<\/p>\n<p class=\" wall-content\"><strong>AFP<\/strong><\/p>\n<p class=\" wall-content\">Personnalisez votre actualit\u00e9 en ajoutant vos villes et m\u00e9dias en favori avec <a href=\"https:\/\/moncompte.actu.fr\" title=\"D\u00e9couvez Mon Actu\" rel=\"nofollow noopener\" data-trk=\"{&quot;cta&quot;:{&quot;action&quot;:&quot;https:\\\/\\\/moncompte.actu.fr&quot;,&quot;category&quot;:&quot;mon compte&quot;,&quot;from&quot;:&quot;article footer&quot;,&quot;name&quot;:&quot;Mon actu&quot;,&quot;type&quot;:&quot;cta&quot;}}\" target=\"_blank\">Mon Actu<\/a>.<\/p>\n","protected":false},"excerpt":{"rendered":"Par R\u00e9daction Paris Publi\u00e9 le 10 janv. 2026 \u00e0 19h00 Une nouvelle br\u00e8che judiciaire dans la guerre entre&hellip;\n","protected":false},"author":2,"featured_media":655110,"comment_status":"","ping_status":"","sticky":false,"template":"","format":"standard","meta":{"footnotes":""},"categories":[1888],"tags":[1111,1928,11,1927,1777,674,1011,27,303,12,1926,626,1925,1825,25,104],"class_list":{"0":"post-655109","1":"post","2":"type-post","3":"status-publish","4":"format-standard","5":"has-post-thumbnail","7":"category-paris","8":"tag-actu","9":"tag-actu-paris","10":"tag-actualites","11":"tag-actualites-paris","12":"tag-eu","13":"tag-europe","14":"tag-fr","15":"tag-france","16":"tag-justice","17":"tag-news","18":"tag-news-paris","19":"tag-paris","20":"tag-paris-news","21":"tag-radio","22":"tag-republique-francaise","23":"tag-societe"},"share_on_mastodon":{"url":"https:\/\/pubeurope.com\/@fr\/115873740614865641","error":""},"_links":{"self":[{"href":"https:\/\/www.europesays.com\/fr\/wp-json\/wp\/v2\/posts\/655109","targetHints":{"allow":["GET"]}}],"collection":[{"href":"https:\/\/www.europesays.com\/fr\/wp-json\/wp\/v2\/posts"}],"about":[{"href":"https:\/\/www.europesays.com\/fr\/wp-json\/wp\/v2\/types\/post"}],"author":[{"embeddable":true,"href":"https:\/\/www.europesays.com\/fr\/wp-json\/wp\/v2\/users\/2"}],"replies":[{"embeddable":true,"href":"https:\/\/www.europesays.com\/fr\/wp-json\/wp\/v2\/comments?post=655109"}],"version-history":[{"count":0,"href":"https:\/\/www.europesays.com\/fr\/wp-json\/wp\/v2\/posts\/655109\/revisions"}],"wp:featuredmedia":[{"embeddable":true,"href":"https:\/\/www.europesays.com\/fr\/wp-json\/wp\/v2\/media\/655110"}],"wp:attachment":[{"href":"https:\/\/www.europesays.com\/fr\/wp-json\/wp\/v2\/media?parent=655109"}],"wp:term":[{"taxonomy":"category","embeddable":true,"href":"https:\/\/www.europesays.com\/fr\/wp-json\/wp\/v2\/categories?post=655109"},{"taxonomy":"post_tag","embeddable":true,"href":"https:\/\/www.europesays.com\/fr\/wp-json\/wp\/v2\/tags?post=655109"}],"curies":[{"name":"wp","href":"https:\/\/api.w.org\/{rel}","templated":true}]}}