{"id":655119,"date":"2026-01-11T00:59:23","date_gmt":"2026-01-11T00:59:23","guid":{"rendered":"https:\/\/www.europesays.com\/fr\/655119\/"},"modified":"2026-01-11T00:59:23","modified_gmt":"2026-01-11T00:59:23","slug":"londres-debloque-200-millions-de-livres-pour-preparer-ses-troupes-a-un-deploiement-en-ukraine","status":"publish","type":"post","link":"https:\/\/www.europesays.com\/fr\/655119\/","title":{"rendered":"Londres d\u00e9bloque 200\u00a0millions de livres pour pr\u00e9parer ses troupes \u00e0 un d\u00e9ploiement en Ukraine"},"content":{"rendered":"<p>Le <a href=\"https:\/\/www.20minutes.fr\/monde\/royaume-uni\/\" class=\"c-link c-link--is-underlined\" target=\"_blank\" rel=\"noopener\">Royaume-Uni <\/a>va mobiliser 200\u00a0millions de livres (230\u00a0millions d\u2019euros) pour pr\u00e9parer son arm\u00e9e dans le cadre d\u2019un futur d\u00e9ploiement d\u2019une force multinationale en <a href=\"https:\/\/www.20minutes.fr\/monde\/ukraine\/\" class=\"c-link c-link--is-underlined\" target=\"_blank\" rel=\"noopener\">Ukraine<\/a>, en cas de cessez-le-feu avec la Russie, a annonc\u00e9 vendredi le minist\u00e8re de la D\u00e9fense.<\/p>\n<p>Ce financement, pris sur le budget militaire de\u00a02026, permettra \u00ab\u00a0de fournir de nouveaux v\u00e9hicules, des syst\u00e8mes de communication et des capacit\u00e9s de protection contre les drones, garantissant ainsi que les troupes britanniques soient pr\u00eates \u00e0 \u00eatre d\u00e9ploy\u00e9es\u00a0\u00bb, d\u00e9taille le communiqu\u00e9 du MoD.<\/p>\n<p>\u00ab\u00a0Renforcer la d\u00e9fense a\u00e9rienne de l\u2019Ukraine\u00a0\u00bb<\/p>\n<p>En outre, la production de drones intercepteurs Octopus commencera ce mois-ci au Royaume-Uni \u00ab\u00a0afin de renforcer la d\u00e9fense a\u00e9rienne de l\u2019Ukraine\u00a0\u00bb, pr\u00e9cise le communiqu\u00e9.<\/p>\n<p>Le ministre britannique de la D\u00e9fense John Healey \u00e9tait vendredi \u00e0 Kiev o\u00f9 il devait rencontrer le pr\u00e9sident ukrainien <a href=\"https:\/\/www.20minutes.fr\/monde\/volodymyr-zelensky\/\" class=\"c-link c-link--is-underlined\" target=\"_blank\" rel=\"noopener\">Volodymyr Zelensky<\/a>.<\/p>\n<p>Cette annonce s\u2019inscrit dans la d\u00e9claration d\u2019intention sign\u00e9e mardi par le Royaume-Uni et la France, dans laquelle les deux pays se disent pr\u00eats \u00e0 d\u00e9ployer des soldats pour maintenir la paix en cas de cessez-le-feu.<\/p>\n<p>Un plan rejet\u00e9 en bloc par Moscou<\/p>\n<p>Le Premier ministre <a href=\"https:\/\/www.20minutes.fr\/monde\/keir-starmer\/\" class=\"c-link c-link--is-underlined\" target=\"_blank\" rel=\"noopener\">Keir Starmer<\/a> a promis de d\u00e9tailler \u00ab\u00a0d\u00e8s que possible\u00a0\u00bb les contours de cette d\u00e9claration d\u2019intention et a assur\u00e9 que le Parlement aurait \u00e0 se prononcer pour tout envoi de troupes en Ukraine.<\/p>\n<p>Ce plan est rejet\u00e9 en bloc par la Russie. Jeudi, la porte-parole de la diplomatie russe, Maria Zakharova, a pr\u00e9venu que toute pr\u00e9sence militaire occidentale dans ce pays constituerait pour Moscou une \u00ab\u00a0cible l\u00e9gitime\u00a0\u00bb.<\/p>\n<p>Parall\u00e8lement, le gouvernement du travailliste de Keir Starmer a r\u00e9it\u00e9r\u00e9 sa volont\u00e9 de soutenir ses investissements dans la d\u00e9fense apr\u00e8s des informations de presse faisant \u00e9tat d\u2019un trou de 28\u00a0milliards de livres (32\u00a0milliards d\u2019euros) dans le budget de la d\u00e9fense.<\/p>\n<p>Un effort financier jamais atteint depuis la guerre froide<\/p>\n<p>Un porte-parole du Premier ministre a indiqu\u00e9 vendredi que le gouvernement avait conscience que \u00ab\u00a0les exigences en mati\u00e8re de d\u00e9fense augmentent avec l\u2019agression croissante de la Russie\u00a0\u00bb.<\/p>\n<p>Il a soulign\u00e9 que le gouvernement a pr\u00e9vu \u00ab\u00a0la plus forte augmentation des d\u00e9penses de d\u00e9fense depuis la guerre froide, pour un total de 270\u00a0milliards de livres (311\u00a0milliards d\u2019euros) pour cette seule l\u00e9gislature\u00a0\u00bb.<\/p>\n<p>Londres s\u2019est engag\u00e9 \u00e0 augmenter ses d\u00e9penses de d\u00e9fense \u00e0 3,5\u00a0% du PIB d\u2019ici\u00a02035, conform\u00e9ment \u00e0 l\u2019objectif fix\u00e9 par l\u2019OTAN.<\/p>\n","protected":false},"excerpt":{"rendered":"Le Royaume-Uni va mobiliser 200\u00a0millions de livres (230\u00a0millions d\u2019euros) pour pr\u00e9parer son arm\u00e9e dans le cadre d\u2019un futur&hellip;\n","protected":false},"author":2,"featured_media":655120,"comment_status":"","ping_status":"","sticky":false,"template":"","format":"standard","meta":{"footnotes":""},"categories":[1590],"tags":[47,11,1813,554,1777,674,131,74,12,473,220,134],"class_list":{"0":"post-655119","1":"post","2":"type-post","3":"status-publish","4":"format-standard","5":"has-post-thumbnail","7":"category-ukraine","8":"tag-actualite","9":"tag-actualites","10":"tag-armee","11":"tag-defense","12":"tag-eu","13":"tag-europe","14":"tag-guerre-en-ukraine","15":"tag-monde","16":"tag-news","17":"tag-royaume-uni","18":"tag-ukraine","19":"tag-volodymyr-zelensky"},"share_on_mastodon":{"url":"https:\/\/pubeurope.com\/@fr\/115873760170177266","error":""},"_links":{"self":[{"href":"https:\/\/www.europesays.com\/fr\/wp-json\/wp\/v2\/posts\/655119","targetHints":{"allow":["GET"]}}],"collection":[{"href":"https:\/\/www.europesays.com\/fr\/wp-json\/wp\/v2\/posts"}],"about":[{"href":"https:\/\/www.europesays.com\/fr\/wp-json\/wp\/v2\/types\/post"}],"author":[{"embeddable":true,"href":"https:\/\/www.europesays.com\/fr\/wp-json\/wp\/v2\/users\/2"}],"replies":[{"embeddable":true,"href":"https:\/\/www.europesays.com\/fr\/wp-json\/wp\/v2\/comments?post=655119"}],"version-history":[{"count":0,"href":"https:\/\/www.europesays.com\/fr\/wp-json\/wp\/v2\/posts\/655119\/revisions"}],"wp:featuredmedia":[{"embeddable":true,"href":"https:\/\/www.europesays.com\/fr\/wp-json\/wp\/v2\/media\/655120"}],"wp:attachment":[{"href":"https:\/\/www.europesays.com\/fr\/wp-json\/wp\/v2\/media?parent=655119"}],"wp:term":[{"taxonomy":"category","embeddable":true,"href":"https:\/\/www.europesays.com\/fr\/wp-json\/wp\/v2\/categories?post=655119"},{"taxonomy":"post_tag","embeddable":true,"href":"https:\/\/www.europesays.com\/fr\/wp-json\/wp\/v2\/tags?post=655119"}],"curies":[{"name":"wp","href":"https:\/\/api.w.org\/{rel}","templated":true}]}}