{"id":655125,"date":"2026-01-11T01:02:21","date_gmt":"2026-01-11T01:02:21","guid":{"rendered":"https:\/\/www.europesays.com\/fr\/655125\/"},"modified":"2026-01-11T01:02:21","modified_gmt":"2026-01-11T01:02:21","slug":"les-francaises-remportent-le-relais-doberhof-en-allemagne-a-moins-dun-mois-des-jo-dhiver","status":"publish","type":"post","link":"https:\/\/www.europesays.com\/fr\/655125\/","title":{"rendered":"les Fran\u00e7aises remportent le relais d&rsquo;Oberhof en Allemagne, \u00e0 moins d&rsquo;un mois des JO d&rsquo;hiver"},"content":{"rendered":"\n<p class=\"c-chapo \">\n  Emmen\u00e9e par Lou Jeanmonnot, Oc\u00e9ane Michelon, Justine Braisaz-Bouchet, Julia Simon, l&rsquo;\u00e9quipe de France a remport\u00e9 le relais femmes avec ma\u00eetrise, samedi, lors de la quatri\u00e8me \u00e9tape de la Coupe du monde de biathlon, \u00e0 Oberhof (Allemagne).\n<\/p>\n<p>      lire plus tard<\/p>\n<p id=\"dialog__title\" class=\"dialog__title\">Pour sauvegarder cet article, connectez-vous ou cr\u00e9ez un compte franceinfo<\/p>\n<p class=\"dialog__description\">Sans paiement. Sans abonnement.<\/p>\n<p>        Fermer la fen\u00eatre d\u2019activation des notifications France Info<\/p>\n<p>      cr\u00e9er votre compte<\/p>\n<p>      se connecter<\/p>\n<p>      :<\/p>\n<p>        Fermer la fen\u00eatre de pr\u00e9sentation<\/p>\n<p>    <img loading=\"lazy\" decoding=\"async\" class=\"signature__image lazyload\" width=\"100\" height=\"100\" data- alt=\"\" src=\"https:\/\/www.europesays.com\/fr\/wp-content\/uploads\/2025\/05\/6488414b9dac6_appo-rond.png\"\/><\/p>\n<p>          France T\u00e9l\u00e9visions &#8211; R\u00e9daction Sport<\/p>\n<p>    Publi\u00e9 le 10\/01\/2026 15:47<\/p>\n<p>      Mis \u00e0 jour le 10\/01\/2026 16:15<\/p>\n<p>        Temps de lecture : 3min<\/p>\n<p>    <img decoding=\"async\"  alt=\"(De droite \u00e0 gauche) Les biathl\u00e8tes fran\u00e7aises Julia Simon, Oc\u00e9ane Michelon, Justine Braisaz-Bouchet et Lou Jeanmonnot ont remport\u00e9 le relais femmes lors de la quatri\u00e8me \u00e9tape de la Coupe du monde, \u00e0 Oberhof (Allemagne), le 10 janvier 2026. (TOBIAS SCHWARZ \/ AFP)\" width=\"432\" height=\"243\" src=\"https:\/\/www.europesays.com\/fr\/wp-content\/uploads\/2026\/01\/000-92ag72j-69626f01e50ed931722133.jpg\" fetchpriority=\"high\"\/><\/p>\n<p>      (De droite \u00e0 gauche) Les biathl\u00e8tes fran\u00e7aises Julia Simon, Oc\u00e9ane Michelon, Justine Braisaz-Bouchet et Lou Jeanmonnot ont remport\u00e9 le relais femmes lors de la quatri\u00e8me \u00e9tape de la Coupe du monde, \u00e0 Oberhof (Allemagne), le 10 janvier 2026. (TOBIAS SCHWARZ \/ AFP)<\/p>\n<p>Les <a href=\"https:\/\/www.franceinfo.fr\/sports\/sports-d-hiver\/biathlon\/mondiaux\/biathlon-intouchable-le-relais-feminin-tricolore-sacre-champion-du-monde-pour-la-deuxieme-annee-consecutive_7090272.html\" data-tooltip-url=\"https:\/\/www.franceinfo.fr\/sports\/sports-d-hiver\/biathlon\/mondiaux\/biathlon-intouchable-le-relais-feminin-tricolore-sacre-champion-du-monde-pour-la-deuxieme-annee-consecutive_7090272.html\" target=\"_blank\" rel=\"noopener\">doubles championnes du monde en titre<\/a> ont \u00e9cras\u00e9 la concurrence. Lou Jeanmonnot, Oc\u00e9ane Michelon, Justine Braisaz-Bouchet, Julia Simon ont remport\u00e9 le relais femmes lors de la quatri\u00e8me \u00e9tape de la Coupe du monde de biathlon, \u00e0 Oberhof (Allemagne), samedi 10 janvier, dans un stade \u00e0 guichet ferm\u00e9. Elles devancent de tr\u00e8s loin la Norv\u00e8ge (+53\u00a0\u00bb7) et l&rsquo;Allemagne (+1&rsquo;28\u00a0\u00bb4).<\/p>\n<p>Deuxi\u00e8me au classement g\u00e9n\u00e9ral avant la course du jour, la France a renou\u00e9 avec la victoire apr\u00e8s leur sixi\u00e8me place obtenue \u00e0 Hochfilzen (Autriche). Les Bleues avaient remport\u00e9 <a href=\"https:\/\/www.franceinfo.fr\/sports\/sports-d-hiver\/biathlon\/biathlon-vainqueures-sortantes-de-la-coupe-du-monde-les-francaises-tiennent-leur-rang-en-remportant-le-relais-inaugural-d-ostersund_7647788.html\" data-tooltip-url=\"https:\/\/www.franceinfo.fr\/sports\/sports-d-hiver\/biathlon\/biathlon-vainqueures-sortantes-de-la-coupe-du-monde-les-francaises-tiennent-leur-rang-en-remportant-le-relais-inaugural-d-ostersund_7647788.html\" target=\"_blank\" rel=\"noopener\">le premier relais de la saison, \u00e0 \u00d6stersund (Su\u00e8de),<\/a> et retrouvent ainsi la t\u00eate du classement provisoire, avec 30 points d&rsquo;avance sur des Su\u00e9doises (5e, +2&rsquo;42\u00a0\u00bb8), compl\u00e8tement pass\u00e9es \u00e0 c\u00f4t\u00e9 de leur sujet samedi.<\/p>\n<p>Pour d\u00e9buter ce relais, Lou Jeanmonnot a parfaitement lanc\u00e9 l&rsquo;\u00e9quipe de France, profitant d&rsquo;un probl\u00e8me de carabine chez la Su\u00e9doise Anna Magnusson, qui n&rsquo;est ressortie que 16e \u00e0 l&rsquo;issue du premier tir couch\u00e9, \u00e0 47&Prime;3 de la Fran\u00e7aise, pour prendre la t\u00eate de la course. Malgr\u00e9 ses balles de pioche sur le tir debout, la native de Pontarlier a donn\u00e9 le relais \u00e0 Oc\u00e9ane Michelon avec respectivement 8&Prime;6 et 17&Prime;9 d&rsquo;avance sur ses poursuivantes norv\u00e9gienne et italienne. \u00ab\u00a0Ce n&rsquo;\u00e9tait pas une tr\u00e8s bonne course [aujourd&rsquo;hui], je suis partie trop vite et j&rsquo;ai eu du mal \u00e0 finir\u00a0\u00bb, a toutefois regrett\u00e9 Lou Jeanmonnot en zone mixte, au micro de la cha\u00eene L&rsquo;Equipe.<\/p>\n<p>Cette avance, Oc\u00e9ane Michelon l&rsquo;a conserv\u00e9e et m\u00eame accrue (sans faute sur le couch\u00e9, deux balles de pioche sur le debout), donnant le relais \u00e0 Justine Braisaz-Bouchet avec 30 secondes d&rsquo;avance sur la Slovaquie et 40 sur la Slov\u00e9nie. Troisi\u00e8me relayeuse, la championne olympique en tire de la mass start a brill\u00e9 sur ce relais, avec seulement une erreur sur le couch\u00e9.<\/p>\n<p>Son sans-faute sur le debout et sa rapidit\u00e9 sur les skis lui ont permis de prendre le large, et de donner le dernier relais \u00e0 Julia Simon avec 1 minute 30 d&rsquo;avance. Un passage de relais loin d&rsquo;\u00eatre anecdotique apr\u00e8s la <a href=\"https:\/\/www.franceinfo.fr\/sports\/sports-d-hiver\/biathlon\/biathlon-on-vous-explique-l-affaire-julia-simon-condamnee-pour-fraude-a-la-carte-bancaire-et-vol-envers-sa-coequipiere-justine-braisaz-bouchet_7572925.html\" target=\"_self\" data-tooltip-url=\"https:\/\/www.franceinfo.fr\/sports\/sports-d-hiver\/biathlon\/biathlon-on-vous-explique-l-affaire-julia-simon-condamnee-pour-fraude-a-la-carte-bancaire-et-vol-envers-sa-coequipiere-justine-braisaz-bouchet_7572925.html\" rel=\"noopener\">condamnation de Julian Simon dans l&rsquo;affaire de fraude \u00e0 la carte bancaire et vol<\/a> envers, entre autres, sa co\u00e9quipi\u00e8re Justine Braisaz-Bouchet.<\/p>\n<p>Si Julia Simon a rencontr\u00e9 quelques difficult\u00e9s sur le couch\u00e9 (deux balles de pioche), elle a toutefois \u00e9t\u00e9 exp\u00e9ditive sur le debout, o\u00f9 elle a fait le plein et tir\u00e9 particuli\u00e8rement vite. La biathl\u00e8te des Saisies, qui faisait son retour dans un relais apr\u00e8s sa condamnation, a ainsi eu le champ libre pour conclure. Tout sourire, drapeau tricolore \u00e0 la main, Julia Simon a franchi la ligne d\u2019arriv\u00e9e avec plus de 53 secondes d\u2019avance. \u00ab\u00a0Les conditions n&rsquo;\u00e9taient pas faciles aujourd&rsquo;hui. On a eu de la chance de tirer sur les premiers postes, o\u00f9 on \u00e9tait un peu prot\u00e9g\u00e9 [du vent]. D&rsquo;autant plus que les conditions \u00e9taient lentes, sur une piste difficile avec du relief. J&rsquo;ai vu des biathl\u00e8tes pleurer de froid, on s&rsquo;en sort bien\u00a0\u00bb, a confi\u00e9 Justine Braisaz-Bouchet.<\/p>\n<p>A l\u2019arriv\u00e9e, pas d\u2019accolades entre les Tricolores, seulement une tape dans les mains. Malgr\u00e9 les diff\u00e9rents extra-sportifs, cette composition de l\u2019\u00e9quipe de France prouve une nouvelle fois sa compatibilit\u00e9 sur la piste, \u00e0 moins d&rsquo;un mois des Jeux olympiques de Milan-Cortina (6 au 23 f\u00e9vrier).<\/p>\n","protected":false},"excerpt":{"rendered":"Emmen\u00e9e par Lou Jeanmonnot, Oc\u00e9ane Michelon, Justine Braisaz-Bouchet, Julia Simon, l&rsquo;\u00e9quipe de France a remport\u00e9 le relais femmes&hellip;\n","protected":false},"author":2,"featured_media":655126,"comment_status":"","ping_status":"","sticky":false,"template":"","format":"standard","meta":{"footnotes":""},"categories":[1587],"tags":[11,672,1804,1805,1803,1777,674,1801,12,1802],"class_list":{"0":"post-655125","1":"post","2":"type-post","3":"status-publish","4":"format-standard","5":"has-post-thumbnail","7":"category-allemagne","8":"tag-actualites","9":"tag-allemagne","10":"tag-bundesrepublik-deutschland","11":"tag-de","12":"tag-deutschland","13":"tag-eu","14":"tag-europe","15":"tag-germany","16":"tag-news","17":"tag-republique-federale-dallemagne"},"share_on_mastodon":{"url":"https:\/\/pubeurope.com\/@fr\/115873772076290749","error":""},"_links":{"self":[{"href":"https:\/\/www.europesays.com\/fr\/wp-json\/wp\/v2\/posts\/655125","targetHints":{"allow":["GET"]}}],"collection":[{"href":"https:\/\/www.europesays.com\/fr\/wp-json\/wp\/v2\/posts"}],"about":[{"href":"https:\/\/www.europesays.com\/fr\/wp-json\/wp\/v2\/types\/post"}],"author":[{"embeddable":true,"href":"https:\/\/www.europesays.com\/fr\/wp-json\/wp\/v2\/users\/2"}],"replies":[{"embeddable":true,"href":"https:\/\/www.europesays.com\/fr\/wp-json\/wp\/v2\/comments?post=655125"}],"version-history":[{"count":0,"href":"https:\/\/www.europesays.com\/fr\/wp-json\/wp\/v2\/posts\/655125\/revisions"}],"wp:featuredmedia":[{"embeddable":true,"href":"https:\/\/www.europesays.com\/fr\/wp-json\/wp\/v2\/media\/655126"}],"wp:attachment":[{"href":"https:\/\/www.europesays.com\/fr\/wp-json\/wp\/v2\/media?parent=655125"}],"wp:term":[{"taxonomy":"category","embeddable":true,"href":"https:\/\/www.europesays.com\/fr\/wp-json\/wp\/v2\/categories?post=655125"},{"taxonomy":"post_tag","embeddable":true,"href":"https:\/\/www.europesays.com\/fr\/wp-json\/wp\/v2\/tags?post=655125"}],"curies":[{"name":"wp","href":"https:\/\/api.w.org\/{rel}","templated":true}]}}