{"id":655127,"date":"2026-01-11T01:03:15","date_gmt":"2026-01-11T01:03:15","guid":{"rendered":"https:\/\/www.europesays.com\/fr\/655127\/"},"modified":"2026-01-11T01:03:15","modified_gmt":"2026-01-11T01:03:15","slug":"manifestations-massives-en-iran-leurope-se-tient-pleinement-a-leurs-cotes-declare-ursula-von-der-leyen","status":"publish","type":"post","link":"https:\/\/www.europesays.com\/fr\/655127\/","title":{"rendered":"Manifestations massives en Iran : \u00ab\u00a0L&rsquo;Europe se tient pleinement \u00e0 leurs c\u00f4t\u00e9s\u00a0\u00bb, d\u00e9clare Ursula von der Leyen"},"content":{"rendered":"<p class=\"ap-StoryElement ap-StoryElement--mb ap-StoryText\">La pr\u00e9sidente de la Commission europ\u00e9enne, Ursula von der Leyen, a d\u00e9clar\u00e9 samedi que l&rsquo;Europe soutenait \u00ab\u00a0pleinement\u00a0\u00bb <a href=\"https:\/\/www.lalibre.be\/international\/moyen-orient\/2026\/01\/10\/nouvelles-manifestations-contre-le-pouvoir-en-iran-2IBTFSSMFFG6TFIRAT7XM5JR5E\/\" target=\"_self\" rel=\"noopener\">les manifestations massives en Iran<\/a> et condamnait la \u00ab\u00a0r\u00e9pression violente\u00a0\u00bb contre les participants.<\/p>\n<p class=\"ap-StoryElement ap-StoryElement--mb ap-StoryText\">\u00ab\u00a0Les rues de T\u00e9h\u00e9ran, et des villes du monde entier, r\u00e9sonnent des pas des <a href=\"https:\/\/www.lalibre.be\/international\/moyen-orient\/2026\/01\/09\/mort-au-dictateur-liran-secoue-par-une-nuit-de-manifestations-malgre-la-coupure-dinternet-6ZQTFKUNTBCYXI2JT4J7DCRJKE\/\" target=\"_self\" rel=\"noopener\">femmes et des hommes iraniens qui r\u00e9clament la libert\u00e9<\/a>. La libert\u00e9 de parler, de se rassembler, de voyager et, surtout, de vivre librement. L&rsquo;Europe se tient pleinement \u00e0 leurs c\u00f4t\u00e9s\u00a0\u00bb, a affirm\u00e9 Mme von der Leyen, dans une d\u00e9claration en ligne.<\/p>\n","protected":false},"excerpt":{"rendered":"La pr\u00e9sidente de la Commission europ\u00e9enne, Ursula von der Leyen, a d\u00e9clar\u00e9 samedi que l&rsquo;Europe soutenait \u00ab\u00a0pleinement\u00a0\u00bb les&hellip;\n","protected":false},"author":2,"featured_media":655128,"comment_status":"","ping_status":"","sticky":false,"template":"","format":"standard","meta":{"footnotes":""},"categories":[1586],"tags":[11,1777,674,1011,27,3019,2088,12,316,25,30838,1778,2544],"class_list":{"0":"post-655127","1":"post","2":"type-post","3":"status-publish","4":"format-standard","5":"has-post-thumbnail","7":"category-europe","8":"tag-actualites","9":"tag-eu","10":"tag-europe","11":"tag-fr","12":"tag-france","13":"tag-iran","14":"tag-manifestation","15":"tag-news","16":"tag-politique","17":"tag-republique-francaise","18":"tag-troubles","19":"tag-ue","20":"tag-ursula-von-der-leyen"},"share_on_mastodon":{"url":"https:\/\/pubeurope.com\/@fr\/115873775846885602","error":""},"_links":{"self":[{"href":"https:\/\/www.europesays.com\/fr\/wp-json\/wp\/v2\/posts\/655127","targetHints":{"allow":["GET"]}}],"collection":[{"href":"https:\/\/www.europesays.com\/fr\/wp-json\/wp\/v2\/posts"}],"about":[{"href":"https:\/\/www.europesays.com\/fr\/wp-json\/wp\/v2\/types\/post"}],"author":[{"embeddable":true,"href":"https:\/\/www.europesays.com\/fr\/wp-json\/wp\/v2\/users\/2"}],"replies":[{"embeddable":true,"href":"https:\/\/www.europesays.com\/fr\/wp-json\/wp\/v2\/comments?post=655127"}],"version-history":[{"count":0,"href":"https:\/\/www.europesays.com\/fr\/wp-json\/wp\/v2\/posts\/655127\/revisions"}],"wp:featuredmedia":[{"embeddable":true,"href":"https:\/\/www.europesays.com\/fr\/wp-json\/wp\/v2\/media\/655128"}],"wp:attachment":[{"href":"https:\/\/www.europesays.com\/fr\/wp-json\/wp\/v2\/media?parent=655127"}],"wp:term":[{"taxonomy":"category","embeddable":true,"href":"https:\/\/www.europesays.com\/fr\/wp-json\/wp\/v2\/categories?post=655127"},{"taxonomy":"post_tag","embeddable":true,"href":"https:\/\/www.europesays.com\/fr\/wp-json\/wp\/v2\/tags?post=655127"}],"curies":[{"name":"wp","href":"https:\/\/api.w.org\/{rel}","templated":true}]}}