{"id":65513,"date":"2025-04-30T23:12:23","date_gmt":"2025-04-30T23:12:23","guid":{"rendered":"https:\/\/www.europesays.com\/fr\/65513\/"},"modified":"2025-04-30T23:12:23","modified_gmt":"2025-04-30T23:12:23","slug":"meningite-a-meningocoques-deux-jeunes-de-16-et-19-ans-admis-en-reanimation-au-chu-de-rennes","status":"publish","type":"post","link":"https:\/\/www.europesays.com\/fr\/65513\/","title":{"rendered":"M\u00e9ningite \u00e0 m\u00e9ningocoques : deux jeunes de 16 et 19 ans admis en r\u00e9animation au CHU de Rennes"},"content":{"rendered":"<p>Deux cas d\u2019infection invasives \u00e0 m\u00e9ningocoques de type B ont \u00e9t\u00e9 signal\u00e9s \u00e0 l&rsquo;ARS cette semaine en Ille-et-Vilaine.Lundi 28 avril, un jeune de 16 ans a \u00e9t\u00e9 admis en r\u00e9animation au CHU de Rennes, avant un autre \u00e2g\u00e9 de 19 ans deux jours plus tard.<\/p>\n<p data-module=\"article-paragraph\" class=\"jsx-362436225 Paragraph\">Nouvelles infections graves dans le d\u00e9partement d&rsquo;Ille-et-Vilaine. Pr\u00e8s de trois mois apr\u00e8s <a href=\"https:\/\/www.tf1info.fr\/justice-faits-divers\/rennes-plusieurs-cas-de-meningites-dans-une-meme-famille-en-bretagne-une-jeune-femme-decedee-2348977.html\" target=\"_blank\" rel=\"noopener\">le d\u00e9c\u00e8s d&rsquo;une jeune femme de 18 ans souffrant de m\u00e9ningite \u00e0 Rennes<\/a>, le CHU de la ville a admis en urgence cette semaine deux nouveaux jeunes patients dans un \u00e9tat tr\u00e8s grave et atteint par la m\u00eame infection.\u00a0<\/p>\n<p data-module=\"article-paragraph\" class=\"jsx-362436225 Paragraph Paragraph__End\">Selon les informations transmises par l&rsquo;Agence r\u00e9gionale de sant\u00e9 (ARS) de Bretagne ce mercredi, deux nouveaux cas d&rsquo;infections invasives \u00e0 m\u00e9ningocoques de type B ont \u00e9t\u00e9 enregistr\u00e9es ces derniers jours dans le d\u00e9partement. \u00ab\u00a0Un jeune de 16 ans admis en r\u00e9animation au CHU de Rennes lundi 28 avril et un autre dans le m\u00eame service ce mercredi 30 avril\u00a0\u00bb, pr\u00e9cise-t-elle dans un communiqu\u00e9. \u00a0\u00ab\u00a0Les \u00e9quipes de l\u2019ARS Bretagne travaillent \u00e0 l\u2019identification des contacts afin de prendre toutes les mesures n\u00e9cessaires\u00a0\u00bb, ajoute-t-elle.\u00a0<\/p>\n<p>64.152 personnes vaccin\u00e9es dans la m\u00e9tropole de Rennes<\/p>\n<p data-module=\"article-paragraph\" class=\"jsx-362436225 Paragraph\">D\u00e9but mars, l\u2019ARS Bretagne avait lanc\u00e9 une <a href=\"https:\/\/www.tf1info.fr\/sante\/meningite-le-vaccin-contre-les-meningocoques-b-desormais-rembourse-pour-les-ados-et-jeunes-adultes-2363355.html\" target=\"_blank\" rel=\"noopener\">campagne de vaccination<\/a> contre le m\u00e9ningocoque B \u00e0 destination des jeunes de 15 \u00e0 24 ans, habitants ou scolaris\u00e9s ou \u00e9tudiants \u00e0 Rennes M\u00e9tropole, soit au total environ 100.000 personnes. \u00ab\u00a0La campagne de vaccination se poursuit, pour permettre au plus grand nombre d\u2019avoir un sch\u00e9ma vaccinal complet, c\u2019est-\u00e0-dire deux injections \u00e0 un mois d\u2019intervalle minimum. \u00c0 ce jour, 64 152 personnes ont re\u00e7u au moins une dose de vaccin\u00a0\u00bb, souligne l&rsquo;ARS.<\/p>\n<p data-module=\"article-paragraph\" class=\"jsx-362436225 Paragraph Paragraph__End\">Depuis le 2 avril 2025, la vaccination contre le m\u00e9ningocoques B est <a href=\"https:\/\/www.tf1info.fr\/sante\/flambee-des-cas-de-meningites-qui-est-concerne-par-l-elargissement-de-la-campagne-de-vaccination-2366976.html\" target=\"_blank\" rel=\"noopener\">prise en charge dans toutes les r\u00e9gions<\/a> et pour tous les 15-24 ans (65% par l\u2019assurance maladie, 35% par les compl\u00e9mentaires sant\u00e9).<\/p>\n<p>Une alerte de Sant\u00e9 publique France mi-mars<\/p>\n<p data-module=\"article-paragraph\" class=\"jsx-362436225 Paragraph Paragraph__End\">Mi-mars, Sant\u00e9 publique France avait fait savoir que le pays avait connu en un nombre \u00ab\u00a0particuli\u00e8rement \u00e9lev\u00e9\u00a0\u00bb d&rsquo;infections invasives \u00e0 m\u00e9ningocoques depuis le d\u00e9but de l&rsquo;ann\u00e9e 2025. Elle avait alert\u00e9 sur le risque de cas group\u00e9s et insistant sur la vaccination des nourrissons, des adolescents, voire des jeunes adultes.<\/p>\n<ul class=\"jsx-658110588 ReadMoreArticle__List flex flex-column\">\n<li class=\"jsx-658110588\"><a href=\"https:\/\/www.tf1info.fr\/sante\/carnet-de-sante-meningites-a-meningocoques-comment-savoir-si-mon-enfant-ado-est-a-jour-dans-ses-vaccinations-2358458.html\" rel=\"noopener\" class=\"jsx-4233824444 Link flex\" target=\"_blank\"><img decoding=\"async\" src=\"https:\/\/www.europesays.com\/fr\/wp-content\/uploads\/2025\/04\/carnet-de-sante-146-b6e3a9-0@1x.jpeg\" alt=\"MYCHELE DANIAU \/ AFP\" loading=\"lazy\" importance=\"low\" fetchpriority=\"low\" class=\"\" copyright=\"AFP\"\/>\n<p class=\"jsx-658110588 ReadMoreArticle__Title\">Lire aussi<\/p>\n<p class=\"jsx-658110588\">Hausse des cas de m\u00e9ningites : voici comment savoir si votre enfant est \u00e0 jour dans ses vaccins<\/p>\n<p><\/a><\/li>\n<\/ul>\n<p data-module=\"article-paragraph\" class=\"jsx-362436225 Paragraph Paragraph__End\">Sant\u00e9 publique France avait aussi alert\u00e9 sur \u00ab\u00a0le risque de regroupement spatio-temporel de cas (cluster)\u00a0\u00bb pouvant \u00eatre li\u00e9s \u00e0 une m\u00eame souche bact\u00e9rienne. Depuis le d\u00e9but de l&rsquo;ann\u00e9e, deux \u00e9pisodes de cas group\u00e9s ont d\u00e9j\u00e0 \u00e9t\u00e9 identifi\u00e9s : \u00e0 Lyon, chez des \u00e9tudiants, en janvier, et \u00e0 Rennes, avec six cas &#8211; dont un mortel, celui de la jeune femme de 18 ans &#8211; dans une famille puis chez des \u00e9tudiants, entre d\u00e9cembre et f\u00e9vrier.\u00a0<\/p>\n<p>A.S<\/p>\n","protected":false},"excerpt":{"rendered":"Deux cas d\u2019infection invasives \u00e0 m\u00e9ningocoques de type B ont \u00e9t\u00e9 signal\u00e9s \u00e0 l&rsquo;ARS cette semaine en Ille-et-Vilaine.Lundi&hellip;\n","protected":false},"author":2,"featured_media":65514,"comment_status":"","ping_status":"","sticky":false,"template":"","format":"standard","meta":{"footnotes":""},"categories":[2821],"tags":[1111,11,1921,829,1777,674,1011,27,100,1922,12,584,25,5699,133,6230],"class_list":{"0":"post-65513","1":"post","2":"type-post","3":"status-publish","4":"format-standard","5":"has-post-thumbnail","7":"category-rennes","8":"tag-actu","9":"tag-actualites","10":"tag-article-video","11":"tag-bretagne","12":"tag-eu","13":"tag-europe","14":"tag-fr","15":"tag-france","16":"tag-hopital","17":"tag-info","18":"tag-news","19":"tag-rennes","20":"tag-republique-francaise","21":"tag-sante-publique","22":"tag-video","23":"tag-video-sante-et-bien-etre"},"share_on_mastodon":{"url":"https:\/\/pubeurope.com\/@fr\/114429450199244788","error":""},"_links":{"self":[{"href":"https:\/\/www.europesays.com\/fr\/wp-json\/wp\/v2\/posts\/65513","targetHints":{"allow":["GET"]}}],"collection":[{"href":"https:\/\/www.europesays.com\/fr\/wp-json\/wp\/v2\/posts"}],"about":[{"href":"https:\/\/www.europesays.com\/fr\/wp-json\/wp\/v2\/types\/post"}],"author":[{"embeddable":true,"href":"https:\/\/www.europesays.com\/fr\/wp-json\/wp\/v2\/users\/2"}],"replies":[{"embeddable":true,"href":"https:\/\/www.europesays.com\/fr\/wp-json\/wp\/v2\/comments?post=65513"}],"version-history":[{"count":0,"href":"https:\/\/www.europesays.com\/fr\/wp-json\/wp\/v2\/posts\/65513\/revisions"}],"wp:featuredmedia":[{"embeddable":true,"href":"https:\/\/www.europesays.com\/fr\/wp-json\/wp\/v2\/media\/65514"}],"wp:attachment":[{"href":"https:\/\/www.europesays.com\/fr\/wp-json\/wp\/v2\/media?parent=65513"}],"wp:term":[{"taxonomy":"category","embeddable":true,"href":"https:\/\/www.europesays.com\/fr\/wp-json\/wp\/v2\/categories?post=65513"},{"taxonomy":"post_tag","embeddable":true,"href":"https:\/\/www.europesays.com\/fr\/wp-json\/wp\/v2\/tags?post=65513"}],"curies":[{"name":"wp","href":"https:\/\/api.w.org\/{rel}","templated":true}]}}