{"id":655131,"date":"2026-01-11T01:05:15","date_gmt":"2026-01-11T01:05:15","guid":{"rendered":"https:\/\/www.europesays.com\/fr\/655131\/"},"modified":"2026-01-11T01:05:15","modified_gmt":"2026-01-11T01:05:15","slug":"porte-verrouillee-mousse-acoustique-qua-raconte-le-gerant-du-bar-aux-enqueteurs","status":"publish","type":"post","link":"https:\/\/www.europesays.com\/fr\/655131\/","title":{"rendered":"porte verrouill\u00e9e, mousse acoustique\u2026 Qu\u2019a racont\u00e9 le g\u00e9rant du bar aux enqu\u00eateurs\u00a0?"},"content":{"rendered":"<p><a href=\"https:\/\/www.sudouest.fr\/international\/europe\/suisse\/incendie-mortel-de-crans-montana-le-gerant-du-bar-jacques-moretti-place-en-detention-preventive-27351527.php\" target=\"_blank\" rel=\"noopener\">Jacques Moretti a \u00e9t\u00e9 auditionn\u00e9 vendredi par le minist\u00e8re public du Valais<\/a>. Il a expliqu\u00e9 avoir \u00e0 son arriv\u00e9e au bar juste apr\u00e8s l\u2019incendie \u00ab\u00a0forc\u00e9 cette porte\u00a0\u00bb parce qu\u2019elle \u00e9tait \u00ab\u00a0verrouill\u00e9e de l\u2019int\u00e9rieur\u00a0\u00bb, selon des extraits de proc\u00e8s-verbaux publi\u00e9s par plusieurs m\u00e9dias fran\u00e7ais et suisses, dont l\u2019authenticit\u00e9 a \u00e9t\u00e9 confirm\u00e9e.<\/p>\n<p>Bougies \u00e9tincelantes ou \u00ab\u00a0quelque chose d\u2019autre\u00a0\u00bb\u00a0?<\/p>\n<p>Jacques Moretti, plac\u00e9 en d\u00e9tention provisoire apr\u00e8s cette audition, a affirm\u00e9 face aux enqu\u00eateurs qu\u2019il s\u2019agissait d\u2019une \u00ab\u00a0porte de service\u00a0\u00bb et qu\u2019elle \u00ab\u00a0n\u2019est pas indiqu\u00e9e comme sortie de secours\u00a0\u00bb. Il raconte avoir retrouv\u00e9 plusieurs personnes \u00e9tendues derri\u00e8re cette porte apr\u00e8s l\u2019avoir ouverte.<\/p>\n<p>D\u2019apr\u00e8s les premiers \u00e9l\u00e9ments de l\u2019enqu\u00eate, <a href=\"https:\/\/www.sudouest.fr\/faits-divers\/incendie-dans-un-bar-en-suisse-en-quoi-les-bougies-etincelles-pourraient-etre-a-l-origine-de-la-tragedie-27264987.php\" target=\"_blank\" rel=\"follow noopener\">le drame a \u00e9t\u00e9 provoqu\u00e9 par des bougies \u00e9tincelantes<\/a> entr\u00e9es en contact avec une mousse insonorisante pos\u00e9e au plafond du sous-sol de l\u2019\u00e9tablissement. Des interrogations portent aussi sur la pr\u00e9sence et l\u2019acc\u00e8s aux extincteurs, et la conformit\u00e9 des voies de sortie de ce bar, Le Constellation.<\/p>\n<p>\u00ab\u00a0Syst\u00e9matiquement, quand nous servons une bouteille en salle, nous ajoutons un \u2018\u2018scintillant\u2019\u2019 [ou bougie \u2018\u2018fontaine\u2019\u2019, NDLR] \u00bb, a expliqu\u00e9 de son c\u00f4t\u00e9 Jessica Moretti, son \u00e9pouse et co-propri\u00e9taire, ressortie libre de l\u2019audition de vendredi. \u00ab\u00a0\u00c7a fait dix ans que nous faisons cela, il n\u2019y avait jamais eu de soucis\u00a0\u00bb, a assur\u00e9 Jacques Moretti. Selon lui il \u00ab\u00a0n\u2019est pas impossible\u00a0\u00bb que ces bougies aient caus\u00e9 l\u2019incendie, mais il estime qu\u2019il \u00ab\u00a0doit y avoir quelque chose d\u2019autre\u00a0\u00bb. Ces bougies \u00ab\u00a0n\u2019\u00e9taient pas assez puissantes pour enflammer la mousse acoustique. J\u2019avais fait des tests\u00a0\u00bb, a-t-il soutenu.<\/p>\n<p>\u00ab\u00a0Un dysfonctionnement\u00a0\u00bb\u00a0?<\/p>\n<p>La nature de cette mousse antibruit pos\u00e9e au plafond du sous-sol est notamment scrut\u00e9e par les enqu\u00eateurs. Jacques Moretti a expliqu\u00e9 l\u2019avoir achet\u00e9e dans un magasin de bricolage et install\u00e9e lui-m\u00eame lors de travaux effectu\u00e9s apr\u00e8s l\u2019achat de l\u2019\u00e9tablissement en 2015.<\/p>\n<p>Au sujet de la pr\u00e9sence de nombreux adolescents mineurs dans le bar au moment de la trag\u00e9die, Jacques Moretti a indiqu\u00e9 que l\u2019\u00e9tablissement avait \u00ab\u00a0interdiction d\u2019accepter des personnes de moins de 16\u00a0ans\u00a0\u00bb et que les clients de 16 \u00e0 18\u00a0ans devaient \u00ab\u00a0\u00eatre accompagn\u00e9s d\u2019un majeur\u00a0\u00bb. Il a assur\u00e9 avoir donn\u00e9 ces \u00ab\u00a0consignes\u00a0\u00bb au personnel de s\u00e9curit\u00e9, mais a reconnu qu&rsquo;\u00ab\u00a0il n\u2019est pas impossible qu\u2019il y ait eu dysfonctionnement\u00a0\u00bb.<\/p>\n","protected":false},"excerpt":{"rendered":"Jacques Moretti a \u00e9t\u00e9 auditionn\u00e9 vendredi par le minist\u00e8re public du Valais. Il a expliqu\u00e9 avoir \u00e0 son&hellip;\n","protected":false},"author":2,"featured_media":655132,"comment_status":"","ping_status":"","sticky":false,"template":"","format":"standard","meta":{"footnotes":""},"categories":[2],"tags":[11,1011,27,12,25],"class_list":{"0":"post-655131","1":"post","2":"type-post","3":"status-publish","4":"format-standard","5":"has-post-thumbnail","7":"category-actualites","8":"tag-actualites","9":"tag-fr","10":"tag-france","11":"tag-news","12":"tag-republique-francaise"},"share_on_mastodon":{"url":"https:\/\/pubeurope.com\/@fr\/115873783682622292","error":""},"_links":{"self":[{"href":"https:\/\/www.europesays.com\/fr\/wp-json\/wp\/v2\/posts\/655131","targetHints":{"allow":["GET"]}}],"collection":[{"href":"https:\/\/www.europesays.com\/fr\/wp-json\/wp\/v2\/posts"}],"about":[{"href":"https:\/\/www.europesays.com\/fr\/wp-json\/wp\/v2\/types\/post"}],"author":[{"embeddable":true,"href":"https:\/\/www.europesays.com\/fr\/wp-json\/wp\/v2\/users\/2"}],"replies":[{"embeddable":true,"href":"https:\/\/www.europesays.com\/fr\/wp-json\/wp\/v2\/comments?post=655131"}],"version-history":[{"count":0,"href":"https:\/\/www.europesays.com\/fr\/wp-json\/wp\/v2\/posts\/655131\/revisions"}],"wp:featuredmedia":[{"embeddable":true,"href":"https:\/\/www.europesays.com\/fr\/wp-json\/wp\/v2\/media\/655132"}],"wp:attachment":[{"href":"https:\/\/www.europesays.com\/fr\/wp-json\/wp\/v2\/media?parent=655131"}],"wp:term":[{"taxonomy":"category","embeddable":true,"href":"https:\/\/www.europesays.com\/fr\/wp-json\/wp\/v2\/categories?post=655131"},{"taxonomy":"post_tag","embeddable":true,"href":"https:\/\/www.europesays.com\/fr\/wp-json\/wp\/v2\/tags?post=655131"}],"curies":[{"name":"wp","href":"https:\/\/api.w.org\/{rel}","templated":true}]}}