{"id":655133,"date":"2026-01-11T01:06:16","date_gmt":"2026-01-11T01:06:16","guid":{"rendered":"https:\/\/www.europesays.com\/fr\/655133\/"},"modified":"2026-01-11T01:06:16","modified_gmt":"2026-01-11T01:06:16","slug":"jimmy-gressier-lucide-apres-sa-15e-aux-mondiaux-de-cross-cest-mon-niveau-actuel-lequipe","status":"publish","type":"post","link":"https:\/\/www.europesays.com\/fr\/655133\/","title":{"rendered":"Jimmy Gressier lucide apr\u00e8s sa 15e aux Mondiaux de cross : \u00ab C&#039;est mon niveau actuel \u00bb &#8211; L&#039;\u00c9quipe"},"content":{"rendered":"<ol>\n<li><a href=\"https:\/\/news.google.com\/rss\/articles\/CBMizgFBVV95cUxOMlQwd2JfVnVHZFhPZG1wYlVRMm55TUNGZ2oxbTI1WlFtdG54NE5BUHhWaUp2b0YzcDR5cFk0cVdfckFwZXE5VzktQVVnZnhxSFBHS0R4ajA2SEhoRGRmOFQwNWhzUHB5VFVmNVZpVjlHWl82czV3aTlNX3AzSU80aERkVmN1UGVsZzVHMzV0ZTZYUFJna0lqcTJPUHhIZ25JZDEtdTBMaFk5MFRzeWU4Q0pnQ0xuTDBsUUVFWURqOXBYc3ZneVJXWFJwclNMQQ?oc=5\" target=\"_blank\" rel=\"noopener\">Jimmy Gressier lucide apr\u00e8s sa 15e aux Mondiaux de cross : \u00ab C&rsquo;est mon niveau actuel \u00bb<\/a>&nbsp;&nbsp;L&rsquo;\u00c9quipe<\/li>\n<li><a href=\"https:\/\/news.google.com\/rss\/articles\/CBMisgFBVV95cUxQbk0zbmlQV1M1NWZqblo3cHVYcnFXRHowdnlBX1d0QjVienpyQ2NJUFFkbDBmQUJrTy1sb1R3LTNGNHR3dlh4dnNCRTB1QmNRZURWaHNqalg1V1dBYVJfNjQ0UkFHT2pJTzVZYnh2UzFSV21BNVA3R0dUR3lLdEhOdXRjRXRZVW5YVzRsODVmMVBReTNzZW5lZ21BNWJUTXltcW00STBkYjBxbGFIdGY5bFBB?oc=5\" target=\"_blank\" rel=\"noopener\">ATHLE.FR | Championnats du monde de cross-country : O\u00f9 et comment suivre la comp\u00e9tition<\/a>&nbsp;&nbsp;F\u00e9d\u00e9ration Fran\u00e7aise d&rsquo;Athl\u00e9tisme<\/li>\n<li><a href=\"https:\/\/news.google.com\/rss\/articles\/CBMijgJBVV95cUxOVmctcF91ekVLTjZQU2htcmtsQ3I3TnZJZmtGVjhpTENySHR4a1pmNm5UQ1cwNWRwR0dkRGpSbEplV1NnbU5PbDBET0NRSWtQQThqVWNMNGJwLTZOTWIwQS1tNmlIZXNtODIzUDlEaHJ4QkRJMXdySGlpQ0lhdXpEWkJaSTNpYTNnXzU5c1dTa1VwdUJEdDFNMExtRlhmVUdubXVsR3dXU094TWlrWFFGVDJwdHUyOGxwSFZjMUlNZXFaMk1pczJ3dU55ejZ1RGtQV0lNcnI2R1h0ek13THNrRlQtSzRBUmQwUnhOQXhTLXlSR1UxVlpET0F1UUhhSERXME1LQUE1SHdaSmE0OWc?oc=5\" target=\"_blank\" rel=\"noopener\">VIDEO. Cross Country &#8211; Course Hommes : Jacob Kiplimo champion du monde pour la 3e fois de suite, Yann Schrub et Jimmy Gressier dans le top 15<\/a>&nbsp;&nbsp;France TV<\/li>\n<li><a href=\"https:\/\/news.google.com\/rss\/articles\/CBMi8AFBVV95cUxOYnZaVjc2VUZqdTctN2wzODBoZHBQMTRsMTF4dFFkOEtWRzNNTTJZUTZvLUhsbmxXVUFFVFQ4d25OSWhKWWkxamRyNGlyYVJkcFM4NnA4aUJMdjRCZXpkNDBMSWVlWmY3MUJ5QXJFajBCZjZBeEh1eF9uTXhleEpGcXREa2VrdnpmSjc4bjlVVGljV3JsU1lzd015eUhwejhmQUkwZlVSZTM0a09XbGRkMkFobEJYSWkwYWFOb20yalBvVnl5MGIwZ2tTeVlFVElPYUp0c1NMN1lmaWlXVC1kUWJUUm1vY0FWcWRJN3ZjY3Y?oc=5\" target=\"_blank\" rel=\"noopener\">\u00ab\u00a0Ce sont de grands f\u00eatards\u00a0\u00bb : Gaylord Silly s\u2019attend \u00e0 une nuit de folie apr\u00e8s ses septi\u00e8mes Mondiaux de cross<\/a>&nbsp;&nbsp;lanouvellerepublique.fr<\/li>\n<li><a href=\"https:\/\/news.google.com\/rss\/articles\/CBMi7gFBVV95cUxOMTRXbWtoN09MRnd6bWtYOElCbTBURnlkZ3h2RGozX1VpbWtjZHo3c1NaRVN6cEJBX2FkS2VTWkFTR0pTd0FXb2Y1LXJIU1ZkTHNJTDNXX1NkdS05NVNpRU9pdGIwUnlpbWd2dk1mazIxd2FqZ3R4VUdJV3h0QzR6c1dJUXFlVjNwQlM4SDFsVTBaLUxZX0kxaGp2LU9yLS1iNW1mMm5DdmdaVmZZRGxoQXh4SzhVTC1ad3hpUXJ6VWVhT3hoWlUySjBmR1doSzJmTVE4ZEZEY29DSjA1VzFnS1d3alAyQU5Dc2s1ZWNR?oc=5\" target=\"_blank\" rel=\"noopener\">Cross-country : les Bleus argent\u00e9s en relais mixte aux Mondiaux, d\u00e9ception pour le champion du monde Gressier<\/a>&nbsp;&nbsp;Le Figaro<\/li>\n<\/ol>\n","protected":false},"excerpt":{"rendered":"Jimmy Gressier lucide apr\u00e8s sa 15e aux Mondiaux de cross : \u00ab C&rsquo;est mon niveau actuel \u00bb&nbsp;&nbsp;L&rsquo;\u00c9quipe ATHLE.FR&hellip;\n","protected":false},"author":2,"featured_media":655134,"comment_status":"","ping_status":"","sticky":false,"template":"","format":"standard","meta":{"footnotes":""},"categories":[2],"tags":[11,1011,27,12,25],"class_list":{"0":"post-655133","1":"post","2":"type-post","3":"status-publish","4":"format-standard","5":"has-post-thumbnail","7":"category-actualites","8":"tag-actualites","9":"tag-fr","10":"tag-france","11":"tag-news","12":"tag-republique-francaise"},"share_on_mastodon":{"url":"https:\/\/pubeurope.com\/@fr\/115873787736629898","error":""},"_links":{"self":[{"href":"https:\/\/www.europesays.com\/fr\/wp-json\/wp\/v2\/posts\/655133","targetHints":{"allow":["GET"]}}],"collection":[{"href":"https:\/\/www.europesays.com\/fr\/wp-json\/wp\/v2\/posts"}],"about":[{"href":"https:\/\/www.europesays.com\/fr\/wp-json\/wp\/v2\/types\/post"}],"author":[{"embeddable":true,"href":"https:\/\/www.europesays.com\/fr\/wp-json\/wp\/v2\/users\/2"}],"replies":[{"embeddable":true,"href":"https:\/\/www.europesays.com\/fr\/wp-json\/wp\/v2\/comments?post=655133"}],"version-history":[{"count":0,"href":"https:\/\/www.europesays.com\/fr\/wp-json\/wp\/v2\/posts\/655133\/revisions"}],"wp:featuredmedia":[{"embeddable":true,"href":"https:\/\/www.europesays.com\/fr\/wp-json\/wp\/v2\/media\/655134"}],"wp:attachment":[{"href":"https:\/\/www.europesays.com\/fr\/wp-json\/wp\/v2\/media?parent=655133"}],"wp:term":[{"taxonomy":"category","embeddable":true,"href":"https:\/\/www.europesays.com\/fr\/wp-json\/wp\/v2\/categories?post=655133"},{"taxonomy":"post_tag","embeddable":true,"href":"https:\/\/www.europesays.com\/fr\/wp-json\/wp\/v2\/tags?post=655133"}],"curies":[{"name":"wp","href":"https:\/\/api.w.org\/{rel}","templated":true}]}}