{"id":655135,"date":"2026-01-11T01:07:10","date_gmt":"2026-01-11T01:07:10","guid":{"rendered":"https:\/\/www.europesays.com\/fr\/655135\/"},"modified":"2026-01-11T01:07:10","modified_gmt":"2026-01-11T01:07:10","slug":"fans-lensois-heberges-croissants-offerts-bel-elan-de-solidarite-apres-le-report-de-sochaux-lens","status":"publish","type":"post","link":"https:\/\/www.europesays.com\/fr\/655135\/","title":{"rendered":"fans lensois h\u00e9berg\u00e9s, croissants offerts\u2026 Bel \u00e9lan de solidarit\u00e9 apr\u00e8s le report de Sochaux-Lens"},"content":{"rendered":"<p>\n    De nombreux locaux ont propos\u00e9 d\u2019h\u00e9berger des supporters du Racing ce samedi soir, suite au report tardif de la rencontre Sochaux-Lens en 16es de Coupe de France.<\/p>\n<p class=\"fig-paragraph\">La belle image du jour. Plus t\u00f4t dans la semaine, le pr\u00e9fet avait interdit aux supporters lensois de se rendre au centre-ville de Montb\u00e9liard ce samedi, en vue du match des\u00a0<a href=\"https:\/\/www.lefigaro.fr\/sports\/football\/coupe-de-france\/calendrier-resultats?journee=10\" target=\"_blank\" rel=\"sponsored noopener\" data-gtm-custom-categorie=\"navigation\" data-gtm-custom-action=\"crossclick\" data-gtm-custom-label=\"Contextuel\" data-gtm-event=\"customEventSPE\">16es de finale de Coupe de France<\/a>\u00a0entre Sochaux (National) et le RCL. Finalement, lesdits supporters ont brav\u00e9 l\u2019interdit. Et ils ont m\u00eame, pour certains, dormi chez l\u2019habitant\u2026 Explications.<\/p>\n<p class=\"fig-paragraph\">Ce match des\u00a0<a href=\"https:\/\/www.lefigaro.fr\/sports\/football\/coupe-de-france\/calendrier-resultats?journee=10\" target=\"_blank\" rel=\"sponsored noopener\" data-gtm-custom-categorie=\"navigation\" data-gtm-custom-action=\"crossclick\" data-gtm-custom-label=\"Contextuel\" data-gtm-event=\"customEventSPE\">16es de finale de Coupe de France<\/a>, initialement pr\u00e9vu \u00e0 21 heures,\u00a0<a href=\"http:\/\/www.lefigaro.fr\/sports\/football\/coupe-de-france\/coupe-de-france-l-affiche-sochaux-lens-reportee-a-cause-de-la-neige-20260110\" data-fig-type=\"NewsFlash\" data-gtm-custom-categorie=\"navigation\" data-gtm-custom-action=\"crossclick\" data-gtm-custom-label=\"Contextuel\" data-gtm-event=\"customEventSPE\" data-fig-domain=\"LEFIGARO\" target=\"_blank\" rel=\"noopener\">a finalement \u00e9t\u00e9 report\u00e9 dans l\u2019apr\u00e8s-midi, en raison des conditions climatiques<\/a>. La rencontre aura lieu dimanche, \u00e0 14 heures. D\u00e9cision intervenue trop tard au go\u00fbt de certains fans lensois, qui \u00e9taient d\u00e9j\u00e0 en route ou \u00e9taient carr\u00e9ment d\u00e9j\u00e0 sur zone. Toujours est-il que les supporters des Lionceaux, eux, ne pouvaient pas rester insensibles \u00e0 cette situation.<\/p>\n<blockquote class=\"fig-quote&#10;    \">\n<p class=\"fig-quote__text\">Ne laissons pas les Lensois dans la difficult\u00e9 ce soir\u00a0!<\/p>\n<p>            Page Facebook Soyons Sport\n    <\/p><\/blockquote>\n<p>                                            <a class=\"fig-a11y-skip\" href=\"#fig-a11y-skip-main-inarticle\" data-module=\"a11y-skip\" data-context=\"was @visible\"><br \/>\n    Passer la publicit\u00e9<br \/>\n<\/a>            <\/p>\n<p class=\"fig-paragraph\">On a vite retrouv\u00e9 des offres de logement sur\u00a0<a href=\"https:\/\/www.facebook.com\/photo?fbid=1463976972394903&amp;set=a.504491495010127\" target=\"_blank\" rel=\"sponsored noopener\" data-gtm-custom-categorie=\"navigation\" data-gtm-custom-action=\"crossclick\" data-gtm-custom-label=\"Contextuel\" data-gtm-event=\"customEventSPE\">la page Facebook \u00abSoyons Sport\u00bb<\/a>. \u00abSuite au report de la rencontre beaucoup de Lensois ont pris la route, et on commence \u00e0 voir de plus en plus de Sochaliens propos\u00e9s aux Lensois un toit pour la nuit. On a donc d\u00e9cid\u00e9 de faire un post pour que les gens puissent \u00e9changer car c\u2019est cela la force de Sochaux cr\u00e9er du lien et aider les supporters lensois qui vont avoir des complications en premier sur la route, et pour passer la nuit. Ne laissons pas les Lensois dans la difficult\u00e9 ce soir\u00a0!\u00bb, peut-on lire sur cette publication, partag\u00e9e et qui a suscit\u00e9 de nombreuses r\u00e9ponses.<\/p>\n<p class=\"fig-paragraph\">Cit\u00e9 par nos confr\u00e8res de\u00a0<a href=\"https:\/\/www.estrepublicain.fr\/sport\/2026\/01\/10\/on-ne-va-quand-meme-pas-laisser-les-lensois-dormir-dehors-l-incroyable-chaine-de-solidarite-organisee-par-les-supporters-de-sochaux\" target=\"_blank\" rel=\"sponsored noopener\" data-gtm-custom-categorie=\"navigation\" data-gtm-custom-action=\"crossclick\" data-gtm-custom-label=\"Contextuel\" data-gtm-event=\"customEventSPE\">L\u2019Est R\u00e9publicain<\/a>, l\u2019auteur du post en question, Fr\u00e9d\u00e9ric Chevassus, s\u2019explique\u00a0: \u00abJ\u2019ai vu que des gens commen\u00e7aient \u00e0 proposer des h\u00e9bergements, je me suis dit que j\u2019allais essayer de centraliser tout \u00e7a. On ne va pas laisser les supporters de Lens coucher dehors ou dans leur voiture, alors qu\u2019il neige dehors. Cela cr\u00e9e du lien, c\u2019est sympa\u00bb.<\/p>\n<p class=\"fig-paragraph\">Parmi les autres initiatives relay\u00e9es par le quotidien r\u00e9gional, le patron du 1801, une brasserie situ\u00e9e au centre de Montb\u00e9liard, a offert une boisson aux supporters lensois qui sont venus manger dans son \u00e9tablissement, tandis que les boulangeries Ange de Montb\u00e9liard, Sochaux et Audincourt ont propos\u00e9 des caf\u00e9s et des croissants \u00absur pr\u00e9sentation d\u2019une carte d\u2019abonn\u00e9 du RC Lens\u00bb. Dans un football toujours plus violent et critiqu\u00e9 pour ses valeurs, ce genre de r\u00e9cit a de quoi rassurer et faire plaisir. R\u00e9jouissant.<\/p>\n","protected":false},"excerpt":{"rendered":"De nombreux locaux ont propos\u00e9 d\u2019h\u00e9berger des supporters du Racing ce samedi soir, suite au report tardif de&hellip;\n","protected":false},"author":2,"featured_media":655136,"comment_status":"","ping_status":"","sticky":false,"template":"","format":"standard","meta":{"footnotes":""},"categories":[4],"tags":[11,1011,27,12,2264,25],"class_list":{"0":"post-655135","1":"post","2":"type-post","3":"status-publish","4":"format-standard","5":"has-post-thumbnail","7":"category-france","8":"tag-actualites","9":"tag-fr","10":"tag-france","11":"tag-news","12":"tag-rc-lens","13":"tag-republique-francaise"},"share_on_mastodon":{"url":"https:\/\/pubeurope.com\/@fr\/115873791529224336","error":""},"_links":{"self":[{"href":"https:\/\/www.europesays.com\/fr\/wp-json\/wp\/v2\/posts\/655135","targetHints":{"allow":["GET"]}}],"collection":[{"href":"https:\/\/www.europesays.com\/fr\/wp-json\/wp\/v2\/posts"}],"about":[{"href":"https:\/\/www.europesays.com\/fr\/wp-json\/wp\/v2\/types\/post"}],"author":[{"embeddable":true,"href":"https:\/\/www.europesays.com\/fr\/wp-json\/wp\/v2\/users\/2"}],"replies":[{"embeddable":true,"href":"https:\/\/www.europesays.com\/fr\/wp-json\/wp\/v2\/comments?post=655135"}],"version-history":[{"count":0,"href":"https:\/\/www.europesays.com\/fr\/wp-json\/wp\/v2\/posts\/655135\/revisions"}],"wp:featuredmedia":[{"embeddable":true,"href":"https:\/\/www.europesays.com\/fr\/wp-json\/wp\/v2\/media\/655136"}],"wp:attachment":[{"href":"https:\/\/www.europesays.com\/fr\/wp-json\/wp\/v2\/media?parent=655135"}],"wp:term":[{"taxonomy":"category","embeddable":true,"href":"https:\/\/www.europesays.com\/fr\/wp-json\/wp\/v2\/categories?post=655135"},{"taxonomy":"post_tag","embeddable":true,"href":"https:\/\/www.europesays.com\/fr\/wp-json\/wp\/v2\/tags?post=655135"}],"curies":[{"name":"wp","href":"https:\/\/api.w.org\/{rel}","templated":true}]}}