{"id":655137,"date":"2026-01-11T01:10:13","date_gmt":"2026-01-11T01:10:13","guid":{"rendered":"https:\/\/www.europesays.com\/fr\/655137\/"},"modified":"2026-01-11T01:10:13","modified_gmt":"2026-01-11T01:10:13","slug":"antoine-dupont-affole-les-encheres-pour-le-maillot-quil-a-porte-pendant-le-boxing-day","status":"publish","type":"post","link":"https:\/\/www.europesays.com\/fr\/655137\/","title":{"rendered":"Antoine Dupont affole les ench\u00e8res pour le maillot qu\u2019il a port\u00e9 pendant le Boxing Day"},"content":{"rendered":"<p>\n    <strong>LE SCAN SPORT &#8211;<\/strong> La LNR organise une vente aux ench\u00e8res des tuniques port\u00e9es par les joueurs durant la 13e journ\u00e9e, afin de r\u00e9colter des fonds pour l\u2019association APF France handicap.<\/p>\n<p class=\"fig-paragraph\">Le dernier\u00a0<a href=\"http:\/\/www.lefigaro.fr\/sports\/rugby\/top-14\/top-14-fetes-sous-pression-a-clermont-toulouse-enrage-pour-le-boxing-day-20251226\" data-fig-type=\"Article\" data-gtm-custom-categorie=\"navigation\" data-gtm-custom-action=\"crossclick\" data-gtm-custom-label=\"Contextuel\" data-gtm-event=\"customEventSPE\" data-fig-domain=\"LEFIGARO\" target=\"_blank\" rel=\"noopener\">Boxing Day du Top 14<\/a>, qui s\u2019est tenu durant les f\u00eates de fin d\u2019ann\u00e9e \u00e0 l\u2019occasion de la 13e journ\u00e9e du championnat de France, a servi \u00e0 r\u00e9colter des fonds pour\u00a0<a href=\"http:\/\/www.lefigaro.fr\/sports\/rugby\/top-14\/le-top-14-au-soutien-d-apf-france-handicap-a-l-occasion-du-boxing-day-video-20251219\" data-fig-type=\"NewsFlash\" data-gtm-custom-categorie=\"navigation\" data-gtm-custom-action=\"crossclick\" data-gtm-custom-label=\"Contextuel\" data-gtm-event=\"customEventSPE\" data-fig-domain=\"LEFIGARO\" target=\"_blank\" rel=\"noopener\">l\u2019association APF France handicap<\/a>, qui vient en aide aux personnes en situation de handicap, ainsi qu\u2019aux \u00abb\u00e9n\u00e9voles et professionnels qui \u0153uvrent chaque jour pour une soci\u00e9t\u00e9 plus accessible\u00bb. En plus d\u2019un appel aux dons, la Ligue nationale de rugby organisait \u00e9galement une vente des ballons des matches mais aussi de plusieurs maillots de plusieurs joueurs.<\/p>\n<p class=\"fig-paragraph\">Et, pour les tuniques des stars fran\u00e7aises,<a href=\"https:\/\/mws.com\/fr\/category\/lnr-boxing-day-2025?tab=live\" target=\"_blank\" rel=\"sponsored noopener\" data-gtm-custom-categorie=\"navigation\" data-gtm-custom-action=\"crossclick\" data-gtm-custom-label=\"Contextuel\" data-gtm-event=\"customEventSPE\">\u00a0les prix se sont envol\u00e9s<\/a>. Ainsi, pour le maillot port\u00e9 par Antoine Dupont, le demi de m\u00eal\u00e9e de Toulouse et du XV de France, qui jouait contre La Rochelle, la derni\u00e8re mise s\u2019\u00e9l\u00e8ve \u00e0 3.900 euros\u00a0! Parmi les autres maillots qui s\u2019arrachent, on retrouve celui de l\u2019arri\u00e8re des Bleus,\u00a0<a href=\"http:\/\/www.lefigaro.fr\/sports\/il-a-une-exigence-exacerbee-thomas-ramos-patron-du-xv-de-france-au-caractere-bien-trempe-20251106\" data-fig-type=\"Article\" data-gtm-custom-categorie=\"navigation\" data-gtm-custom-action=\"crossclick\" data-gtm-custom-label=\"Contextuel\" data-gtm-event=\"customEventSPE\" data-fig-domain=\"LEFIGARO\" target=\"_blank\" rel=\"noopener\">Thomas Ramos<\/a>, pour 1.400 euros et celui de\u00a0<a href=\"http:\/\/www.lefigaro.fr\/sports\/rugby\/top-14\/top-14-quand-la-fusee-bielle-biarrey-percute-un-ramasseur-de-balle-avant-de-le-prendre-dans-ses-bras-20251221\" data-fig-type=\"NewsFlash\" data-gtm-custom-categorie=\"navigation\" data-gtm-custom-action=\"crossclick\" data-gtm-custom-label=\"Contextuel\" data-gtm-event=\"customEventSPE\" data-fig-domain=\"LEFIGARO\" target=\"_blank\" rel=\"noopener\">Louis Bielle-Biarrey<\/a>, le fl\u00e8che de l\u2019UBB, pour 1.522 euros.<\/p>\n<p>                                            <a class=\"fig-a11y-skip\" href=\"#fig-a11y-skip-main-inarticle\" data-module=\"a11y-skip\" data-context=\"was @visible\"><br \/>\n    Passer la publicit\u00e9<br \/>\n<\/a>            <\/p>\n<p class=\"fig-paragraph\">Les ench\u00e8res se terminent ce dimanche et pourraient donc encore grimper. En 2024, le dispositif mis en place par la LNR \u00e0 l\u2019occasion du Boxing Day avait permis de collecter 182.000 euros au profit des\u00a0<a href=\"http:\/\/www.lefigaro.fr\/sports\/rugby\/top-14-le-boxing-day-offre-182-000-repas-aux-restos-du-coeur-20250207\" data-fig-type=\"NewsFlash\" data-gtm-custom-categorie=\"navigation\" data-gtm-custom-action=\"crossclick\" data-gtm-custom-label=\"Contextuel\" data-gtm-event=\"customEventSPE\" data-fig-domain=\"LEFIGARO\" target=\"_blank\" rel=\"noopener\">Restos du C\u0153ur<\/a>.<\/p>\n","protected":false},"excerpt":{"rendered":"LE SCAN SPORT &#8211; La LNR organise une vente aux ench\u00e8res des tuniques port\u00e9es par les joueurs durant&hellip;\n","protected":false},"author":2,"featured_media":655138,"comment_status":"","ping_status":"","sticky":false,"template":"","format":"standard","meta":{"footnotes":""},"categories":[1416],"tags":[1011,27,1943,4977,2947,479,1468,60],"class_list":{"0":"post-655137","1":"post","2":"type-post","3":"status-publish","4":"format-standard","5":"has-post-thumbnail","7":"category-rugby","8":"tag-fr","9":"tag-france","10":"tag-handicap","11":"tag-le-scan-sport","12":"tag-lnr","13":"tag-rugby","14":"tag-rugby-football","15":"tag-sports"},"share_on_mastodon":{"url":"https:\/\/pubeurope.com\/@fr\/115873803348713660","error":""},"_links":{"self":[{"href":"https:\/\/www.europesays.com\/fr\/wp-json\/wp\/v2\/posts\/655137","targetHints":{"allow":["GET"]}}],"collection":[{"href":"https:\/\/www.europesays.com\/fr\/wp-json\/wp\/v2\/posts"}],"about":[{"href":"https:\/\/www.europesays.com\/fr\/wp-json\/wp\/v2\/types\/post"}],"author":[{"embeddable":true,"href":"https:\/\/www.europesays.com\/fr\/wp-json\/wp\/v2\/users\/2"}],"replies":[{"embeddable":true,"href":"https:\/\/www.europesays.com\/fr\/wp-json\/wp\/v2\/comments?post=655137"}],"version-history":[{"count":0,"href":"https:\/\/www.europesays.com\/fr\/wp-json\/wp\/v2\/posts\/655137\/revisions"}],"wp:featuredmedia":[{"embeddable":true,"href":"https:\/\/www.europesays.com\/fr\/wp-json\/wp\/v2\/media\/655138"}],"wp:attachment":[{"href":"https:\/\/www.europesays.com\/fr\/wp-json\/wp\/v2\/media?parent=655137"}],"wp:term":[{"taxonomy":"category","embeddable":true,"href":"https:\/\/www.europesays.com\/fr\/wp-json\/wp\/v2\/categories?post=655137"},{"taxonomy":"post_tag","embeddable":true,"href":"https:\/\/www.europesays.com\/fr\/wp-json\/wp\/v2\/tags?post=655137"}],"curies":[{"name":"wp","href":"https:\/\/api.w.org\/{rel}","templated":true}]}}