{"id":655163,"date":"2026-01-11T01:27:19","date_gmt":"2026-01-11T01:27:19","guid":{"rendered":"https:\/\/www.europesays.com\/fr\/655163\/"},"modified":"2026-01-11T01:27:19","modified_gmt":"2026-01-11T01:27:19","slug":"lindonesie-annonce-la-suspension-de-grok-apres-le-scandale-des-images-sexuelles-generees-par-lia","status":"publish","type":"post","link":"https:\/\/www.europesays.com\/fr\/655163\/","title":{"rendered":"L\u2019Indon\u00e9sie annonce la suspension de Grok apr\u00e8s le scandale des images sexuelles g\u00e9n\u00e9r\u00e9es par l\u2019IA"},"content":{"rendered":"<p>\n    Cette d\u00e9cision a \u00e9t\u00e9 prise \u00abafin de prot\u00e9ger les femmes, les enfants et le public contre les risques de faux contenus pornographiques g\u00e9n\u00e9r\u00e9s \u00e0 l\u2019aide de la technologie d\u2019intelligence artificielle\u00bb, a indiqu\u00e9 la ministre de la Communication et du Num\u00e9rique, Meutya Hafid.<\/p>\n<p class=\"fig-paragraph\">L&rsquo;<a href=\"http:\/\/www.lefigaro.fr\/international\/indonesie-un-bateau-de-tourisme-qui-avait-fait-naufrage-et-le-corps-d-une-victime-espagnole-retrouves-20260106\" data-fig-type=\"NewsFlash\" data-gtm-custom-categorie=\"navigation\" data-gtm-custom-action=\"crossclick\" data-gtm-custom-label=\"Contextuel\" data-gtm-event=\"customEventSPE\" data-fig-domain=\"LEFIGARO\" target=\"_blank\" rel=\"noopener\">Indon\u00e9sie<\/a>\u00a0a annonc\u00e9 samedi la suspension temporaire dans le pays de\u00a0<a href=\"http:\/\/www.lefigaro.fr\/secteur\/high-tech\/face-aux-polemiques-grok-restreint-la-generation-d-images-a-ses-abonnes-payants-20260109\" data-fig-type=\"NewsFlash\" data-gtm-custom-categorie=\"navigation\" data-gtm-custom-action=\"crossclick\" data-gtm-custom-label=\"Contextuel\" data-gtm-event=\"customEventSPE\" data-fig-domain=\"LEFIGARO\" target=\"_blank\" rel=\"noopener\">Grok<\/a>, l&rsquo;assistant d&rsquo;intelligence artificielle de la plateforme X d&rsquo;<a href=\"http:\/\/www.lefigaro.fr\/societes\/xai-startup-specialisee-dans-l-ia-d-elon-musk-leve-20-milliards-de-dollars-20260106\" data-fig-type=\"NewsFlash\" data-gtm-custom-categorie=\"navigation\" data-gtm-custom-action=\"crossclick\" data-gtm-custom-label=\"Contextuel\" data-gtm-event=\"customEventSPE\" data-fig-domain=\"LEFIGARO\" target=\"_blank\" rel=\"noopener\">Elon Musk<\/a>, \u00e0 la suite du scandale de fausses images pornographiques de personnes d\u00e9nud\u00e9es.<\/p>\n<p class=\"fig-paragraph\">\u00abAfin de prot\u00e9ger les femmes, les enfants et le public contre les risques de faux contenus pornographiques g\u00e9n\u00e9r\u00e9s \u00e0 l&rsquo;aide de la technologie d&rsquo;intelligence artificielle, le gouvernement a temporairement bloqu\u00e9 l&rsquo;acc\u00e8s \u00e0 l&rsquo;application Grok\u00bb, a indiqu\u00e9 la ministre de la Communication et du Num\u00e9rique, Meutya Hafid, dans un communiqu\u00e9.<\/p>\n<p>                                            <a class=\"fig-a11y-skip\" href=\"#fig-a11y-skip-main-inarticle\" data-module=\"a11y-skip\" data-context=\"was @visible\"><br \/>\n    Passer la publicit\u00e9<br \/>\n<\/a>            <\/p>\n<p class=\"fig-paragraph\">\u00abLe gouvernement consid\u00e8re les pratiques de deepfake non consensuelles comme une violation grave des droits humains, de la dignit\u00e9 et de la s\u00e9curit\u00e9 des citoyens dans l\u2019espace num\u00e9rique\u00bb, a soulign\u00e9 dans son communiqu\u00e9, le minist\u00e8re qui a convoqu\u00e9 des repr\u00e9sentants de X afin d\u2019obtenir des \u00e9claircissements sur cette affaire.<\/p>\n<p>                                            La Commission europ\u00e9enne a \u00abpris note des derni\u00e8res modifications\u00bb mais les a jug\u00e9es insuffisantes<\/p>\n<p class=\"fig-paragraph\">Interpell\u00e9 sur X par de nombreux utilisateurs scandalis\u00e9s, Grok a r\u00e9pondu vendredi que la g\u00e9n\u00e9ration et l\u2019\u00e9dition d\u2019images \u00e9taient \u00abactuellement r\u00e9serv\u00e9es aux abonn\u00e9s payants\u00bb. \u00abVous pouvez vous abonner pour d\u00e9bloquer ces fonctionnalit\u00e9s\u00bb, a-t-elle pr\u00e9cis\u00e9.<\/p>\n<p class=\"fig-paragraph\">Cette d\u00e9sactivation limit\u00e9e a suscit\u00e9 l\u2019indignation du Royaume-Uni, l\u2019un des critiques les plus virulents d\u2019Elon Musk. Cette mesure \u00abtransforme simplement une fonctionnalit\u00e9 qui permet la cr\u00e9ation d\u2019images ill\u00e9gales en un service premium\u00bb, et constitue \u00abune insulte aux victimes de misogynie et de violences sexuelles\u00bb, a d\u00e9nonc\u00e9 un porte-parole du Premier ministre britannique Keir Starmer.<\/p>\n<p class=\"fig-paragraph\">\u00c0 Bruxelles, la Commission europ\u00e9enne a \u00abpris note des derni\u00e8res modifications\u00bb mais les a jug\u00e9es insuffisantes. \u00abL\u2019action de la France et de l\u2019Europe paye: X restreint l\u2019utilisation de Grok. C\u2019est un premier pas, mais la lutte contre les d\u00e9rives de l\u2019IA doit se poursuivre\u00bb, a \u00e9crit sur Bluesky Roland Lescure, ministre fran\u00e7ais de l\u2019\u00c9conomie. M. Lescure a rappel\u00e9 que la France avait \u00absaisi la justice et continuera d\u2019exiger des plateformes qu\u2019elles respectent nos lois si elles veulent profiter de notre march\u00e9\u00bb.<\/p>\n","protected":false},"excerpt":{"rendered":"Cette d\u00e9cision a \u00e9t\u00e9 prise \u00abafin de prot\u00e9ger les femmes, les enfants et le public contre les risques&hellip;\n","protected":false},"author":2,"featured_media":655164,"comment_status":"","ping_status":"","sticky":false,"template":"","format":"standard","meta":{"footnotes":""},"categories":[6],"tags":[35,33,34,1011,27,25902,223],"class_list":{"0":"post-655163","1":"post","2":"type-post","3":"status-publish","4":"format-standard","5":"has-post-thumbnail","7":"category-economie","8":"tag-business","9":"tag-economie","10":"tag-economy","11":"tag-fr","12":"tag-france","13":"tag-indonesie","14":"tag-intelligence-artificielle"},"share_on_mastodon":{"url":"https:\/\/pubeurope.com\/@fr\/115873870202033788","error":""},"_links":{"self":[{"href":"https:\/\/www.europesays.com\/fr\/wp-json\/wp\/v2\/posts\/655163","targetHints":{"allow":["GET"]}}],"collection":[{"href":"https:\/\/www.europesays.com\/fr\/wp-json\/wp\/v2\/posts"}],"about":[{"href":"https:\/\/www.europesays.com\/fr\/wp-json\/wp\/v2\/types\/post"}],"author":[{"embeddable":true,"href":"https:\/\/www.europesays.com\/fr\/wp-json\/wp\/v2\/users\/2"}],"replies":[{"embeddable":true,"href":"https:\/\/www.europesays.com\/fr\/wp-json\/wp\/v2\/comments?post=655163"}],"version-history":[{"count":0,"href":"https:\/\/www.europesays.com\/fr\/wp-json\/wp\/v2\/posts\/655163\/revisions"}],"wp:featuredmedia":[{"embeddable":true,"href":"https:\/\/www.europesays.com\/fr\/wp-json\/wp\/v2\/media\/655164"}],"wp:attachment":[{"href":"https:\/\/www.europesays.com\/fr\/wp-json\/wp\/v2\/media?parent=655163"}],"wp:term":[{"taxonomy":"category","embeddable":true,"href":"https:\/\/www.europesays.com\/fr\/wp-json\/wp\/v2\/categories?post=655163"},{"taxonomy":"post_tag","embeddable":true,"href":"https:\/\/www.europesays.com\/fr\/wp-json\/wp\/v2\/tags?post=655163"}],"curies":[{"name":"wp","href":"https:\/\/api.w.org\/{rel}","templated":true}]}}