{"id":655165,"date":"2026-01-11T01:28:10","date_gmt":"2026-01-11T01:28:10","guid":{"rendered":"https:\/\/www.europesays.com\/fr\/655165\/"},"modified":"2026-01-11T01:28:10","modified_gmt":"2026-01-11T01:28:10","slug":"en-hongrie-viktor-orban-en-difficulte","status":"publish","type":"post","link":"https:\/\/www.europesays.com\/fr\/655165\/","title":{"rendered":"en Hongrie, Viktor Orb\u00e1n en difficult\u00e9"},"content":{"rendered":"<p>Surtout ne montrer aucun signe de f\u00e9brilit\u00e9. Le 10 janvier, devant son parti, le Fidesz, r\u00e9uni en congr\u00e8s national, <a href=\"https:\/\/www.latribune.fr\/article\/la-tribune-dimanche\/dans-le-monde\/21575968932786\/en-hongrie-viktor-orban-est-tres-loin-du-sommet\" target=\"_blank\" rel=\"noopener\">Viktor Orb\u00e1n<\/a> a m\u00eame sonn\u00e9 la mobilisation g\u00e9n\u00e9rale \u00e0 trois mois des l\u00e9gislatives du 12\u202favril. Pour le Premier ministre hongrois aux affaires depuis 2010, le scrutin s\u2019annonce pourtant comme l\u2019un des plus p\u00e9rilleux de sa carri\u00e8re. Bouscul\u00e9 par une \u00e9conomie morose, malmen\u00e9 dans les sondages par l\u2019opposant P\u00e9ter Magyar, le national-populiste, fossoyeur de la d\u00e9mocratie lib\u00e9rale dans son pays, pourrait bien chuter apr\u00e8s 16 ann\u00e9es de r\u00e8gne autoritaire.<\/p>\n<p>Malgr\u00e9 tout, le slogan de campagne d\u00e9voil\u00e9 ce samedi 10 janvier, \u2013 \u00ab\u202fLe choix s\u00fbr\u202f\u00bb \u2013 met clairement en avant le chef de gouvernement. \u00ab\u202fLe message du Fidesz s\u2019est simplifi\u00e9 \u00e0 l\u2019extr\u00eame\u2009: il faut voter pour le parti car c\u2019est Orb\u00e1n, pointe le politologue G\u00e1bor T\u00f6r\u00f6k. Le Fidesz tente de convaincre hors de son \u00e9lectorat car il se rend compte que ses soutiens ne permettraient pas de gagner les \u00e9lections avec certitude. Et il n\u2019a pas de meilleur message \u00e0 proposer.\u202f\u00bb<\/p>\n","protected":false},"excerpt":{"rendered":"Surtout ne montrer aucun signe de f\u00e9brilit\u00e9. Le 10 janvier, devant son parti, le Fidesz, r\u00e9uni en congr\u00e8s&hellip;\n","protected":false},"author":2,"featured_media":655166,"comment_status":"","ping_status":"","sticky":false,"template":"","format":"standard","meta":{"footnotes":""},"categories":[5],"tags":[5734,11,9705,16712,1011,27,7683,804,3707,14,3102,39201,12,43269,75782,1445,44946,75783,28],"class_list":{"0":"post-655165","1":"post","2":"type-post","3":"status-publish","4":"format-standard","5":"has-post-thumbnail","7":"category-international","8":"tag-5734","9":"tag-actualites","10":"tag-compte","11":"tag-difficulte","12":"tag-fr","13":"tag-france","14":"tag-gagner","15":"tag-hongrie","16":"tag-il","17":"tag-international","18":"tag-la-tribune-dimanche","19":"tag-legislatives","20":"tag-news","21":"tag-orban","22":"tag-permettraient","23":"tag-rend","24":"tag-soutiens","25":"tag-viktor","26":"tag-world"},"share_on_mastodon":{"url":"https:\/\/pubeurope.com\/@fr\/115873874173205092","error":""},"_links":{"self":[{"href":"https:\/\/www.europesays.com\/fr\/wp-json\/wp\/v2\/posts\/655165","targetHints":{"allow":["GET"]}}],"collection":[{"href":"https:\/\/www.europesays.com\/fr\/wp-json\/wp\/v2\/posts"}],"about":[{"href":"https:\/\/www.europesays.com\/fr\/wp-json\/wp\/v2\/types\/post"}],"author":[{"embeddable":true,"href":"https:\/\/www.europesays.com\/fr\/wp-json\/wp\/v2\/users\/2"}],"replies":[{"embeddable":true,"href":"https:\/\/www.europesays.com\/fr\/wp-json\/wp\/v2\/comments?post=655165"}],"version-history":[{"count":0,"href":"https:\/\/www.europesays.com\/fr\/wp-json\/wp\/v2\/posts\/655165\/revisions"}],"wp:featuredmedia":[{"embeddable":true,"href":"https:\/\/www.europesays.com\/fr\/wp-json\/wp\/v2\/media\/655166"}],"wp:attachment":[{"href":"https:\/\/www.europesays.com\/fr\/wp-json\/wp\/v2\/media?parent=655165"}],"wp:term":[{"taxonomy":"category","embeddable":true,"href":"https:\/\/www.europesays.com\/fr\/wp-json\/wp\/v2\/categories?post=655165"},{"taxonomy":"post_tag","embeddable":true,"href":"https:\/\/www.europesays.com\/fr\/wp-json\/wp\/v2\/tags?post=655165"}],"curies":[{"name":"wp","href":"https:\/\/api.w.org\/{rel}","templated":true}]}}