{"id":655169,"date":"2026-01-11T01:30:16","date_gmt":"2026-01-11T01:30:16","guid":{"rendered":"https:\/\/www.europesays.com\/fr\/655169\/"},"modified":"2026-01-11T01:30:16","modified_gmt":"2026-01-11T01:30:16","slug":"luca-zidane-en-vient-aux-mains","status":"publish","type":"post","link":"https:\/\/www.europesays.com\/fr\/655169\/","title":{"rendered":"Luca Zidane en vient aux mains"},"content":{"rendered":"<p><strong>Le quart de finale de la CAN 2025<br \/>\nentre l\u2019Alg\u00e9rie et le Nigeria, qui a \u00e9limin\u00e9 les Verts du tournoi,<br \/>\ns\u2019est termin\u00e9 en altercation g\u00e9n\u00e9rale, avec notamment une prise de<br \/>\nbec entre Luca Zidane et un joueur adverse.<\/strong><\/p>\n<p>L\u2019Alg\u00e9rie n\u2019a rien pu faire face \u00e0 la puissance du Nigeria<br \/>\n(2-0), samedi \u00e0 Marrakech, en quarts de finale de Coupe d\u2019Afrique<br \/>\ndes nations 2025, mais Riyad Mahrez et ses co\u00e9quipiers sortent<br \/>\nquand m\u00eame frustr\u00e9s de la rencontre. Des buts de Victor Osimhen et<br \/>\nAkor Adams en d\u00e9but de seconde p\u00e9riode ont permis aux Super Eagles<br \/>\nde se hisser en demi-finales de la CAN pour d\u00e9fier le Maroc, le<br \/>\npays h\u00f4te, mercredi prochain dans l\u2019immense stade de Rabat. Et ils<br \/>\nauraient pu marquer davantage de buts \u00e0 Luca Zidane.<\/p>\n<p>Le coup de sifflet final a ainsi donn\u00e9 lieu \u00e0 une altercation<br \/>\ng\u00e9n\u00e9rale entre les joueurs. Le fils de \u00ab Zizou \u00bb est impliqu\u00e9. Ramy<br \/>\nBenseba\u00efni a d\u2019abord retenu Anis Hadj Moussa, qui \u00e9tait sur le<br \/>\npoint de s\u2019expliquer physiquement avec un joueur nig\u00e9rian. Luca<br \/>\nZidane a ensuite tent\u00e9 de calmer Fisayo Dele-Bashiru mais le joueur<br \/>\nde la Lazio s\u2019est retourn\u00e9 vers le gardien de la s\u00e9lection<br \/>\nalg\u00e9rienne. Les deux joueurs se sont alors agripp\u00e9s.<\/p>\n<blockquote class=\"twitter-tweet\"><p><a class=\"twitter-link\" rel=\"noindex, nofollow noopener\" href=\"https:\/\/twitter.com\/lnstantFoot\/status\/2010052737036366136\" target=\"_blank\"><\/p><\/blockquote>\n<p>La r\u00e9alisation TV n\u2019a pas montr\u00e9 ces images mais des spectateurs<br \/>\nont film\u00e9 l\u2019\u00e9chauffour\u00e9e. Calvin Bassey, le roc des Super Eagles,<br \/>\ns\u2019en est notamment pris \u00e0 Mohammed Amoura et des membres des deux<br \/>\nstaffs ont tent\u00e9 de s\u00e9parer les plus rebelles. Cela a cr\u00e9\u00e9 un<br \/>\nmouvement de foule parmi les supporters alg\u00e9riens et les arbitres<br \/>\nont rapidement \u00e9t\u00e9 escort\u00e9s vers l\u2019int\u00e9rieur du stade\u2026<\/p>\n<p>Luca Zidane \u00e0 la ramasse<\/p>\n<p>Soudainement promu num\u00e9ro 1 de l\u2019Alg\u00e9rie pour le tournoi<br \/>\ncontinental apr\u00e8s le forfait d\u2019Alexis Guendouz, Luca Zidane a gard\u00e9<br \/>\nsa cage inviol\u00e9e lors de ses deux rencontres de la phase de<br \/>\ngroupes, contre le Soudan (3-0) et le Burkina Faso (1-0), avant de<br \/>\nc\u00e9der sa place sur la troisi\u00e8me rencontre \u00e0 Anthony Mandrea. Mais<br \/>\nle joueur de <a href=\"https:\/\/www.sports.fr\/football\/can\/luca-zidane-cest-difficile-976731.html\" target=\"_blank\" rel=\"noopener\"><br \/>\nGrenade, en Liga 2<\/a>, n\u2019a pas brill\u00e9 face au Nigeria, toujours<br \/>\nsous les yeux de ses parents et de ses fr\u00e8res.<\/p>\n<p>Luca Zidane a manqu\u00e9 un peu son intervention sur l\u2019ouverture du<br \/>\nscore de la t\u00eate d\u2019Osimhen (47e) et est effac\u00e9 trop facilement par<br \/>\nAdams sur le but du break (57e).<\/p>\n<blockquote class=\"twitter-tweet\"><p><a class=\"twitter-link\" rel=\"noindex, nofollow noopener\" href=\"https:\/\/twitter.com\/beinsports_FR\/status\/2010037215628308904\" target=\"_blank\"><\/p><\/blockquote>\n<p><script async src=\"https:\/\/platform.twitter.com\/widgets.js\" charset=\"utf-8\"><\/script><\/p>\n","protected":false},"excerpt":{"rendered":"Le quart de finale de la CAN 2025 entre l\u2019Alg\u00e9rie et le Nigeria, qui a \u00e9limin\u00e9 les Verts&hellip;\n","protected":false},"author":2,"featured_media":655170,"comment_status":"","ping_status":"","sticky":false,"template":"","format":"standard","meta":{"footnotes":""},"categories":[2],"tags":[11,1011,27,12],"class_list":{"0":"post-655169","1":"post","2":"type-post","3":"status-publish","4":"format-standard","5":"has-post-thumbnail","7":"category-actualites","8":"tag-actualites","9":"tag-fr","10":"tag-france","11":"tag-news"},"share_on_mastodon":{"url":"https:\/\/pubeurope.com\/@fr\/115873882012850828","error":""},"_links":{"self":[{"href":"https:\/\/www.europesays.com\/fr\/wp-json\/wp\/v2\/posts\/655169","targetHints":{"allow":["GET"]}}],"collection":[{"href":"https:\/\/www.europesays.com\/fr\/wp-json\/wp\/v2\/posts"}],"about":[{"href":"https:\/\/www.europesays.com\/fr\/wp-json\/wp\/v2\/types\/post"}],"author":[{"embeddable":true,"href":"https:\/\/www.europesays.com\/fr\/wp-json\/wp\/v2\/users\/2"}],"replies":[{"embeddable":true,"href":"https:\/\/www.europesays.com\/fr\/wp-json\/wp\/v2\/comments?post=655169"}],"version-history":[{"count":0,"href":"https:\/\/www.europesays.com\/fr\/wp-json\/wp\/v2\/posts\/655169\/revisions"}],"wp:featuredmedia":[{"embeddable":true,"href":"https:\/\/www.europesays.com\/fr\/wp-json\/wp\/v2\/media\/655170"}],"wp:attachment":[{"href":"https:\/\/www.europesays.com\/fr\/wp-json\/wp\/v2\/media?parent=655169"}],"wp:term":[{"taxonomy":"category","embeddable":true,"href":"https:\/\/www.europesays.com\/fr\/wp-json\/wp\/v2\/categories?post=655169"},{"taxonomy":"post_tag","embeddable":true,"href":"https:\/\/www.europesays.com\/fr\/wp-json\/wp\/v2\/tags?post=655169"}],"curies":[{"name":"wp","href":"https:\/\/api.w.org\/{rel}","templated":true}]}}