{"id":655179,"date":"2026-01-11T01:38:27","date_gmt":"2026-01-11T01:38:27","guid":{"rendered":"https:\/\/www.europesays.com\/fr\/655179\/"},"modified":"2026-01-11T01:38:27","modified_gmt":"2026-01-11T01:38:27","slug":"luniversite-et-la-cpam-facilitent-lacces-aux-soins-des-etudiants-precaires","status":"publish","type":"post","link":"https:\/\/www.europesays.com\/fr\/655179\/","title":{"rendered":"l\u2019universit\u00e9 et la CPAM facilitent l\u2019acc\u00e8s aux soins des \u00e9tudiants pr\u00e9caires"},"content":{"rendered":"<p>                    Par<br \/>\n        <strong><br \/>\n            <a href=\"https:\/\/actu.fr\/auteur\/g-martin\" title=\"Consulter tous les articles de Gil Martin\" target=\"_blank\" rel=\"noopener\">Gil Martin<\/a><br \/>\n                    <\/strong><\/p>\n<p>        Publi\u00e9 le<\/p>\n<p>            9 janv. 2026 \u00e0 6h02        <\/p>\n<p>Ce jeudi 8 janvier, \u00e0 l\u2019Institut de Botanique, l\u2019<strong>Universit\u00e9 de Montpellier<\/strong> (UM) et la <strong>Caisse Primaire d\u2019Assurance Maladi<\/strong>e (CPAM) ont sign\u00e9 une convention visant \u00e0 faciliter l\u2019acc\u00e8s aux soins des \u00e9tudiants via le <strong>Centre de Soins Universitaire<\/strong>, le CSU, situ\u00e9 rue de l\u2019Ecole Normale, en face du CREPS de Montpellier.<\/p>\n<p>Des \u00e9tudiants en grande pr\u00e9carit\u00e9<\/p>\n<p class=\" wall-content\">\u00ab Cet accord marque une \u00e9tape importante dans le<strong> renforcement de la politique de sant\u00e9<\/strong> \u00e9tudiante port\u00e9e par l\u2019UM \u00bb, a notamment explique Philippe Aug\u00e9. Alors que de plus en plus d\u2019\u00e9tudiants tombent dans la pr\u00e9carit\u00e9, <a href=\"https:\/\/actu.fr\/occitanie\/montpellier_34172\/precarite-galopante-a-montpellier-23-000-etudiants-sous-le-seuil-de-pauvrete_63669174.html\" target=\"_blank\" rel=\"noopener\">l\u2019association 1cabaspour1\u00e9tudiant avan\u00e7ant le chiffre de 23 000 \u00e9tudiants locaux sous le seuil de pauvret\u00e9<\/a>, le pr\u00e9sident de l\u2019UM confirme \u00e0 son tour <strong>les difficult\u00e9s<\/strong> rencontr\u00e9es par une grande partie des jeunes.<\/p>\n<p>Le CSU, acteur cl\u00e9 de la sant\u00e9<\/p>\n<p class=\" wall-content\">\u00ab De nombreux travaux mettent en \u00e9vidence les <strong>difficult\u00e9s persistantes<\/strong> rencontr\u00e9es par les \u00e9tudiants dans leur acc\u00e8s aux soins \u00bb, rappelle Philippe Aug\u00e9 qui se f\u00e9licite de la coop\u00e9ration \u00ab\u00a0 \u00e9troite et p\u00e9renne \u00bb avec la CPAM visant \u00e0 renforcer l\u2019offre du CSU, cr\u00e9\u00e9 par l\u2019Universit\u00e9 en 2011 est qui s\u2019affirme comme \u00ab <strong>un acteur cl\u00e9<\/strong> de l\u2019offre de soins de premiers recours \u00e0 destination des \u00e9tudiants \u00bb, confirment le pr\u00e9sident universitaire et Philippe Trotabas, le directeur de la CPAM de l\u2019H\u00e9rault : \u00ab le CSU permet <strong>l\u2019acc\u00e8s \u00e0 des consultations sans avance de frais<\/strong> gr\u00e2ce au tiers payant int\u00e9gral et propose <strong>une prise en charge globale<\/strong> associant m\u00e9decins g\u00e9n\u00e9ralistes, psychiatres, psychologues cliniciens, et kin\u00e9sith\u00e9rapeute \u00bb, rappellent-ils.<\/p>\n<p>    <a href=\"https:\/\/www.google.com\/maps\/embed?pb=!1m18!1m12!1m3!1d2888.288418390734!2d3.8655459110447046!3d43.6213556543705!2m3!1f0!2f0!3f0!3m2!1i1024!2i768!4f13.1!3m3!1m2!1s0x12b6af2a3fa0fe37%3A0x21bf0971e41ace22!2sCentre%20de%20Soins%20Universitaire!5e0!3m2!1sfr!2sfr!4v1767914034972!5m2!1sfr!2sfr\" title=\"Ouvrie le lien\" target=\"_blank\" rel=\"noopener\">Cliquez ici pour visualiser le contenu<\/a><\/p>\n<blockquote class=\"ac-article-quote wall-content\">\n<p>\u00ab\u00a0Cette initiative illustre une volont\u00e9 commune de renforcer l\u2019innovation, la proximit\u00e9 et l\u2019efficacit\u00e9 des politiques publiques en mati\u00e8re de sant\u00e9 \u00e9tudiante\u00a0\u00bb<\/p>\n<p>    <strong>Philippe Aug\u00e9<\/strong><br \/>\n        Pr\u00e9sident de l&rsquo;UM    <\/p><\/blockquote>\n<p>Vid\u00e9os : en ce moment sur Actu<\/p>\n<p class=\" wall-content\">Le CSU assure \u00e9galement un accompagnement dans les d\u00e9marches administratives (ouverture des droits, acc\u00e8s \u00e0 une compl\u00e9mentaire sant\u00e9) : \u00ab La convention de ce 8 janvier d\u00e9finit la mise en place de circuits de traitement <strong>simplifi\u00e9s et prioritaires<\/strong> et vise \u00e0 r<strong>\u00e9duire les situations de renoncement aux soins<\/strong>\u00a0\u00bb, indique Philippe Trotabas qui entend ainsi \u00ab <strong>fluidifier<\/strong> le parcours de sant\u00e9 des \u00e9tudiants\u2026 La CPAM contribue \u00e0 garantir une meilleure effectivit\u00e9 des droits sociaux pour les \u00e9tudiants dont les contraintes financi\u00e8res, la m\u00e9connaissance des droits, la complexit\u00e9 des d\u00e9marches administratives ou encore les d\u00e9lais d\u2019acc\u00e8s aux professionnels de sant\u00e9 constituent<strong> autant de freins<\/strong> pouvant entra\u00eener un renoncement aux soins \u00bb.<\/p>\n<p>    <img   decoding=\"async\" loading=\"lazy\" src=\"https:\/\/www.europesays.com\/fr\/wp-content\/uploads\/2026\/01\/photo-um-et-cpam-960x640.jpg\" alt=\"L'UM renforce les moyens du CSU, un centre cr\u00e9\u00e9 en 2011...\" width=\"960\" height=\"640\"\/><br \/>\n    L\u2019UM renforce les moyens du CSU, un centre cr\u00e9\u00e9 en 2011\u2026 (\u00a9dr)<\/p>\n<p>Votre r\u00e9gion, votre actu !<\/p>\n<p>Recevez chaque jour les infos qui comptent pour vous.<\/p>\n<p>\t<a href=\"https:\/\/actu.fr\/newsletter\" class=\"ac-btn ac-btn--corner ac-btn--medium ac-btn--blue800\" target=\"_blank\" rel=\"noopener\">S&rsquo;incrire<\/a><br \/>\nMobiliser les aides financi\u00e8res<\/p>\n<p class=\" wall-content\">\u00ab Au final, gr\u00e2ce \u00e0 ce dispositif, les \u00e9tudiants b\u00e9n\u00e9ficient <strong>d\u2019un accompagnement plus personnalis\u00e9<\/strong> dans leurs d\u00e9marches aupr\u00e8s de l\u2019Assurance Maladie \u00bb, pointe \u00e9galement Phillipe Aug\u00e9 : \u00ab La convention permet aussi de mieux <strong>mobiliser les dispositifs d\u2019aides financi\u00e8res<\/strong> existants afin de r\u00e9pondre \u00e0 certaines d\u00e9penses de sant\u00e9 et d\u2019apporter un soutien aux \u00e9tudiants les plus fragilis\u00e9s \u00bb.<\/p>\n<p>CPAM-UM : une premi\u00e8re \u00e0 Montpellier<\/p>\n<p>Cette collaboration constitue une initiative in\u00e9dite \u00e0 l\u2019\u00e9chelle locale et m\u00eame, selon Philippe Aug\u00e9, \u00ab\u00a0une premi\u00e8re entre la CPAM de l\u2019H\u00e9rault et l\u2019Universit\u00e9 de Montpellier dans ce champ d\u2019action\u00a0\u00bb. En mutualisant leurs expertises et leurs moyens, les deux partenaires posent les bases d\u2019un mod\u00e8le de coop\u00e9ration qu\u2019ils veulent \u00ab\u00a0durable et reproductible au service du bien-\u00eatre, de la sant\u00e9 et de la r\u00e9ussite\u00a0\u00bb. Cette initiative \u00ab\u00a0illustre une volont\u00e9 commune de renforcer l\u2019innovation, la proximit\u00e9 et l\u2019efficacit\u00e9 des politiques publiques en mati\u00e8re de sant\u00e9 \u00e9tudiante\u00a0\u00bb, concluent le pr\u00e9sident de l\u2019UM et celui de la CPAM de l\u2019H\u00e9rault.<\/p>\n<p class=\" wall-content\">.<\/p>\n<p class=\" wall-content\">Personnalisez votre actualit\u00e9 en ajoutant vos villes et m\u00e9dias en favori avec <a href=\"https:\/\/moncompte.actu.fr\" title=\"D\u00e9couvez Mon Actu\" rel=\"nofollow noopener\" data-trk=\"{&quot;cta&quot;:{&quot;action&quot;:&quot;https:\\\/\\\/moncompte.actu.fr&quot;,&quot;category&quot;:&quot;mon compte&quot;,&quot;from&quot;:&quot;article footer&quot;,&quot;name&quot;:&quot;Mon actu&quot;,&quot;type&quot;:&quot;cta&quot;}}\" target=\"_blank\">Mon Actu<\/a>.<\/p>\n","protected":false},"excerpt":{"rendered":"Par Gil Martin Publi\u00e9 le 9 janv. 2026 \u00e0 6h02 Ce jeudi 8 janvier, \u00e0 l\u2019Institut de Botanique,&hellip;\n","protected":false},"author":2,"featured_media":655180,"comment_status":"","ping_status":"","sticky":false,"template":"","format":"standard","meta":{"footnotes":""},"categories":[9599],"tags":[1111,11,1777,674,1011,27,2208,12,2680,25,104],"class_list":{"0":"post-655179","1":"post","2":"type-post","3":"status-publish","4":"format-standard","5":"has-post-thumbnail","7":"category-montpellier","8":"tag-actu","9":"tag-actualites","10":"tag-eu","11":"tag-europe","12":"tag-fr","13":"tag-france","14":"tag-montpellier","15":"tag-news","16":"tag-occitanie","17":"tag-republique-francaise","18":"tag-societe"},"share_on_mastodon":{"url":"https:\/\/pubeurope.com\/@fr\/115873913474869296","error":""},"_links":{"self":[{"href":"https:\/\/www.europesays.com\/fr\/wp-json\/wp\/v2\/posts\/655179","targetHints":{"allow":["GET"]}}],"collection":[{"href":"https:\/\/www.europesays.com\/fr\/wp-json\/wp\/v2\/posts"}],"about":[{"href":"https:\/\/www.europesays.com\/fr\/wp-json\/wp\/v2\/types\/post"}],"author":[{"embeddable":true,"href":"https:\/\/www.europesays.com\/fr\/wp-json\/wp\/v2\/users\/2"}],"replies":[{"embeddable":true,"href":"https:\/\/www.europesays.com\/fr\/wp-json\/wp\/v2\/comments?post=655179"}],"version-history":[{"count":0,"href":"https:\/\/www.europesays.com\/fr\/wp-json\/wp\/v2\/posts\/655179\/revisions"}],"wp:featuredmedia":[{"embeddable":true,"href":"https:\/\/www.europesays.com\/fr\/wp-json\/wp\/v2\/media\/655180"}],"wp:attachment":[{"href":"https:\/\/www.europesays.com\/fr\/wp-json\/wp\/v2\/media?parent=655179"}],"wp:term":[{"taxonomy":"category","embeddable":true,"href":"https:\/\/www.europesays.com\/fr\/wp-json\/wp\/v2\/categories?post=655179"},{"taxonomy":"post_tag","embeddable":true,"href":"https:\/\/www.europesays.com\/fr\/wp-json\/wp\/v2\/tags?post=655179"}],"curies":[{"name":"wp","href":"https:\/\/api.w.org\/{rel}","templated":true}]}}