{"id":655199,"date":"2026-01-11T01:56:20","date_gmt":"2026-01-11T01:56:20","guid":{"rendered":"https:\/\/www.europesays.com\/fr\/655199\/"},"modified":"2026-01-11T01:56:20","modified_gmt":"2026-01-11T01:56:20","slug":"n2-les-resultats-et-le-classement-des-girondins-4","status":"publish","type":"post","link":"https:\/\/www.europesays.com\/fr\/655199\/","title":{"rendered":"N2 : les r\u00e9sultats et le classement des Girondins"},"content":{"rendered":"<p><img decoding=\"async\" src=\"https:\/\/www.europesays.com\/fr\/wp-content\/uploads\/2025\/08\/671_27a5a9e7434fc1a02b561d60e7fadd28.jpg\" alt=\"N2 : les r\u00e9sultats et le classement des Girondins\" class=\"img-responsive mt-3\"\/><\/p>\n<p class=\"text-center mb-3\" style=\"font-size: 14px\">\u00a9 Iconsport<\/p>\n<p><strong>Classement de National 2 : Bordeaux toujours leader du groupe A<\/strong><\/p>\n<p>Les Girondins de Bordeaux occupent, en attendant les rencontres qui n\u2019ont pas pu \u00eatre disput\u00e9es, seuls la place de leader du groupe A. Les \u00e9quipes concurrentes de Bordeaux ayant jou\u00e9 lors de cette journ\u00e9e ont fait le travail en remportant leurs matchs.<\/p>\n<p style=\"text-align: justify;\"><strong>R\u00e9sultats :<\/strong><\/p>\n<p style=\"text-align: justify;\">US Avranches Report\u00e9 Les Herbiers<br \/>Vend\u00e9e Foot Club RY Report\u00e9 US Granville<br \/>Stade Poitevin Report\u00e9 Chauray FC<br \/>Olympique Saumur FC Report\u00e9 Dinan L\u00e9hon<br \/><a href=\"https:\/\/www.webgirondins.com\/live-girondins-revivez-bordeaux-bayonne-131743\" target=\"_blank\" rel=\"noopener\"><strong>FC Girondins de Bordeaux 1-0 Aviron Bayonnais<\/strong><\/a><br \/>Voltigeurs de Ch\u00e2teaubriant <strong>3-2<\/strong> FC Montlouis<br \/>US Saint-Malo <strong>4-2<\/strong> FC Lorient II<br \/>Angoul\u00eame Charente FC <strong>2-0<\/strong> Saint-Colomban Locmin\u00e9<\/p>\n<p style=\"text-align: justify;\">&gt;&gt; <strong><a href=\"https:\/\/www.webgirondins.com\/classement-girondins-national-2\" target=\"_blank\" rel=\"noopener\">Le classement de National 2<\/a><\/strong><\/p>\n<p>\u00c0 lire &gt;&gt; <strong><a href=\"https:\/\/www.webgirondins.com\/actualite-girondins-girondins-la-reaction-de-bruno-irles-apres-la-victoire-face-a-bayonne-1-0-131750\" target=\"_blank\" rel=\"noopener\">Girondins : la r\u00e9action de Bruno Irl\u00e8s apr\u00e8s la victoire face \u00e0 Bayonne (1-0)<\/a><\/strong><\/p>\n<p style=\"text-align: justify;\">\u00c9coutez notre podcast court sur l&rsquo;actualit\u00e9 des Girondins :<\/p>\n<p style=\"text-align: justify;\">\u00a0<\/p>\n","protected":false},"excerpt":{"rendered":"\u00a9 Iconsport Classement de National 2 : Bordeaux toujours leader du groupe A Les Girondins de Bordeaux occupent,&hellip;\n","protected":false},"author":2,"featured_media":309954,"comment_status":"","ping_status":"","sticky":false,"template":"","format":"standard","meta":{"footnotes":""},"categories":[2817],"tags":[22617,1111,11,1997,1981,17243,615,1446,1777,674,1011,27,1987,2705,75785,3465,62683,75786,3238,12,2219,13637,25,1980,933],"class_list":{"0":"post-655199","1":"post","2":"type-post","3":"status-publish","4":"format-standard","5":"has-post-thumbnail","7":"category-bordeaux","8":"tag-achevee","9":"tag-actu","10":"tag-actualites","11":"tag-bordeaux","12":"tag-classement","13":"tag-conditions","14":"tag-coupe","15":"tag-dans","16":"tag-eu","17":"tag-europe","18":"tag-fr","19":"tag-france","20":"tag-girondins","21":"tag-groupe","22":"tag-incomplete","23":"tag-journee","24":"tag-maniere","25":"tag-meteorologiques","26":"tag-national","27":"tag-news","28":"tag-nouvelle-aquitaine","29":"tag-raison","30":"tag-republique-francaise","31":"tag-resultats","32":"tag-tres"},"share_on_mastodon":{"url":"https:\/\/pubeurope.com\/@fr\/115873984266351433","error":""},"_links":{"self":[{"href":"https:\/\/www.europesays.com\/fr\/wp-json\/wp\/v2\/posts\/655199","targetHints":{"allow":["GET"]}}],"collection":[{"href":"https:\/\/www.europesays.com\/fr\/wp-json\/wp\/v2\/posts"}],"about":[{"href":"https:\/\/www.europesays.com\/fr\/wp-json\/wp\/v2\/types\/post"}],"author":[{"embeddable":true,"href":"https:\/\/www.europesays.com\/fr\/wp-json\/wp\/v2\/users\/2"}],"replies":[{"embeddable":true,"href":"https:\/\/www.europesays.com\/fr\/wp-json\/wp\/v2\/comments?post=655199"}],"version-history":[{"count":0,"href":"https:\/\/www.europesays.com\/fr\/wp-json\/wp\/v2\/posts\/655199\/revisions"}],"wp:featuredmedia":[{"embeddable":true,"href":"https:\/\/www.europesays.com\/fr\/wp-json\/wp\/v2\/media\/309954"}],"wp:attachment":[{"href":"https:\/\/www.europesays.com\/fr\/wp-json\/wp\/v2\/media?parent=655199"}],"wp:term":[{"taxonomy":"category","embeddable":true,"href":"https:\/\/www.europesays.com\/fr\/wp-json\/wp\/v2\/categories?post=655199"},{"taxonomy":"post_tag","embeddable":true,"href":"https:\/\/www.europesays.com\/fr\/wp-json\/wp\/v2\/tags?post=655199"}],"curies":[{"name":"wp","href":"https:\/\/api.w.org\/{rel}","templated":true}]}}