{"id":655214,"date":"2026-01-11T02:07:15","date_gmt":"2026-01-11T02:07:15","guid":{"rendered":"https:\/\/www.europesays.com\/fr\/655214\/"},"modified":"2026-01-11T02:07:15","modified_gmt":"2026-01-11T02:07:15","slug":"defendre-notre-liberte-des-milliers-de-medecins-defilent-a-paris-contre-une-derive-autoritaire","status":"publish","type":"post","link":"https:\/\/www.europesays.com\/fr\/655214\/","title":{"rendered":"D\u00e9fendre notre libert\u00e9\u00a0\u00bb : des milliers de m\u00e9decins d\u00e9filent \u00e0 Paris contre \u00ab\u00a0une d\u00e9rive autoritaire"},"content":{"rendered":"<ul class=\"jsx-862013697 ArticleChapo__List\">\n<li class=\"jsx-862013697 ArticleChapo__List_Item flex\">En gr\u00e8ve depuis lundi, plusieurs milliers de m\u00e9decins lib\u00e9raux ont d\u00e9fil\u00e9, samedi 10 janvier, \u00e0 Paris.<\/li>\n<li class=\"jsx-862013697 ArticleChapo__List_Item flex\">Les manifestants d\u00e9noncent une \u00ab\u00a0d\u00e9rive autoritaire\u00a0\u00bb qui menace selon eux leur \u00ab\u00a0libert\u00e9 d&rsquo;exercice\u00a0\u00bb.<\/li>\n<li class=\"jsx-862013697 ArticleChapo__List_Item flex\">Les professionnels de sant\u00e9 appellent S\u00e9bastien Lecornu \u00e0 leur \u00ab\u00a0faire des propositions\u00a0\u00bb.<\/li>\n<\/ul>\n<p data-module=\"article-paragraph\" class=\"jsx-157965717 Paragraph\">\u00ab\u00a0Maltraiter les soignants, c&rsquo;est maltraiter les patients.\u00a0\u00bb Des milliers de m\u00e9decins lib\u00e9raux, <a href=\"https:\/\/www.tf1info.fr\/sante\/greve-des-medecins-quelles-possibilites-pour-consulter-si-votre-generaliste-est-mobilise-2416722.html\" target=\"_blank\" rel=\"noopener\">en gr\u00e8ve depuis lundi<\/a>, ont d\u00e9fil\u00e9, samedi 10 janvier, \u00e0 Paris. Les syndicats repr\u00e9sentatifs des professionnels de sant\u00e9 ont protest\u00e9 pour d\u00e9noncer une \u00ab\u00a0d\u00e9rive autoritaire\u00a0\u00bb qui menace selon eux leur \u00ab\u00a0libert\u00e9 d&rsquo;exercice\u00a0\u00bb, appelant le Premier ministre, S\u00e9bastien Lecornu, \u00e0 leur \u00ab\u00a0faire des propositions\u00a0\u00bb.<\/p>\n<p data-module=\"article-paragraph\" class=\"jsx-157965717 Paragraph Paragraph__End\">Parmi les slogans des manifestants, venus nombreux en blouse blanche, \u00ab\u00a0sant\u00e9 sacrifi\u00e9e, patients en danger\u00a0\u00bb, \u00ab\u00a0libres d&rsquo;exercer, libres de soigner\u00a0\u00bb, ou encore, \u00e0 l&rsquo;intention de l&rsquo;ex\u00e9cutif, \u00ab\u00a0arr\u00eatez le massacre de la m\u00e9decine lib\u00e9rale\u00a0\u00bb.<\/p>\n<p data-module=\"article-paragraph\" class=\"jsx-157965717 Paragraph Paragraph__End\">Dans le budget de la S\u00e9curit\u00e9 sociale (PLFSS) adopt\u00e9 en d\u00e9cembre, l&rsquo;Assembl\u00e9e nationale a vot\u00e9 pour <a href=\"https:\/\/www.tf1info.fr\/societe\/budget-de-la-secu-l-assemblee-fixe-une-duree-maximum-aux-arrets-de-travail-2405804.html\" target=\"_blank\" rel=\"noopener\">la limitation \u00e0 un mois des arr\u00eats de travail<\/a> en premi\u00e8re prescription et \u00e0 deux mois pour un renouvellement. \u00ab\u00a0On essaie de faire au mieux tous les jours pour faire en sorte que les arr\u00eats soient justifi\u00e9s, productifs, \u00e7a vient saccager tout notre travail. C&rsquo;est insultant\u00a0\u00bb, ont-ils pest\u00e9 au sein du cort\u00e8ge parisien. \u00ab\u00a0On voit nos conditions de travail se d\u00e9grader beaucoup. (&#8230;) Maintenant, diff\u00e9rentes attaques sur notre secteur vont nous emp\u00eacher de faire notre travail correctement.\u00a0\u00bb<\/p>\n<blockquote class=\"jsx-2786790838 Quote__Text\"><p>Il est grand temps qu&rsquo;on nous donne des r\u00e9ponses concr\u00e8tes<\/p><\/blockquote>\n<p>Franck Devulder, pr\u00e9sident de la CSMF<\/p>\n<p data-module=\"article-paragraph\" class=\"jsx-157965717 Paragraph\">Autre point de crispation : la possibilit\u00e9 donn\u00e9e au directeur de l&rsquo;Assurance maladie de fixer unilat\u00e9ralement des tarifs m\u00e9dicaux. \u00ab\u00a0Nous voulons d\u00e9fendre notre libert\u00e9\u00a0\u00bb, a r\u00e9sum\u00e9 Franck Devulder, pr\u00e9sident de la Conf\u00e9d\u00e9ration des syndicats m\u00e9dicaux fran\u00e7ais (CSMF) lors d&rsquo;une conf\u00e9rence de presse dans la matin\u00e9e. En France, \u00ab\u00a0les besoins de soins augmentent mais les moyens d\u00e9di\u00e9s \u00e0 la sant\u00e9 diminuent, alors, forc\u00e9ment, il y a une inad\u00e9quation. Et il y a une d\u00e9rive autoritaire\u00a0\u00bb, a d\u00e9plor\u00e9 Agn\u00e8s Giannotti, pr\u00e9sidente de MG France, le premier syndicat des g\u00e9n\u00e9ralistes.<\/p>\n<p data-module=\"article-paragraph\" class=\"jsx-157965717 Paragraph Paragraph__End\">La manifestation s&rsquo;inscrit dans le cadre d&rsquo;<a href=\"https:\/\/www.tf1info.fr\/societe\/greve-des-medecins-la-ministre-de-la-sante-invite-les-syndicats-samedi-jour-de-manifestations-2417653.html\" target=\"_blank\" rel=\"noopener\">une gr\u00e8ve du 5 au 15 janvier<\/a>, qui devrait conna\u00eetre un point d&rsquo;orgue en d\u00e9but de semaine prochaine lorsque de nombreuses cliniques priv\u00e9es seront affect\u00e9es par des fermetures de blocs op\u00e9ratoires.\u00a0<\/p>\n<p><a href=\"https:\/\/www.tf1info.fr\/sante\/greve-des-medecins-quelles-possibilites-pour-consulter-si-votre-generaliste-est-mobilise-2416722.html\" rel=\"noopener\" class=\"jsx-3308031228 Link flex\" target=\"_blank\"><img decoding=\"async\" src=\"https:\/\/www.europesays.com\/fr\/wp-content\/uploads\/2026\/01\/medecin-sante-eaa242-0@1x.jpeg\" alt=\"Getty Images\" loading=\"lazy\" importance=\"low\" fetchpriority=\"low\" class=\"\" aria-hidden=\"true\"\/><\/p>\n<p class=\"jsx-3657663356 ReadMoreArticle__Title\">Lire aussi<\/p>\n<p class=\"jsx-3657663356\">Gr\u00e8ve des m\u00e9decins : quelles possibilit\u00e9s pour consulter si votre g\u00e9n\u00e9raliste est mobilis\u00e9 ? <\/p>\n<p><\/a><\/p>\n<p data-module=\"article-paragraph\" class=\"jsx-157965717 Paragraph Paragraph__End\">Signe de la tension ambiante, l&rsquo;intersyndicale a refus\u00e9, vendredi 9 janvier, un rendez-vous avec la ministre de la Sant\u00e9, St\u00e9phanie Rist, estimant qu&rsquo;elle connaissait d\u00e9j\u00e0 \u00ab\u00a0depuis longtemps les points bloquants\u00a0\u00bb. Au vu de la \u00ab\u00a0mobilisation historique\u00a0\u00bb, \u00ab\u00a0il est grand temps qu&rsquo;au plus haut niveau de l&rsquo;\u00c9tat, le Premier ministre, S\u00e9bastien Lecornu, nous donne des r\u00e9ponses concr\u00e8tes\u00a0\u00bb, a exig\u00e9 Franck Devulder.<\/p>\n<p>Une gr\u00e8ve sous forme \u00ab\u00a0perl\u00e9e\u00a0\u00bb<\/p>\n<p data-module=\"article-paragraph\" class=\"jsx-157965717 Paragraph\">Les m\u00e9decins lib\u00e9raux ont d\u00e9j\u00e0 obtenu la suppression la surtaxation des d\u00e9passements d&rsquo;honoraires ou l&rsquo;obligation de consulter et d&rsquo;alimenter le dossier m\u00e9dical partag\u00e9 (DMP) des patients. Ils s&rsquo;opposent aussi \u00e0 d&rsquo;autres mesures en cours d&rsquo;examen par le Parlement, comme la possibilit\u00e9 d&rsquo;imposer des objectifs de r\u00e9duction des prescriptions aux m\u00e9decins qui prescrivent nettement plus que leurs confr\u00e8res en situation comparable. \u00ab\u00a0On demande de respecter, de sanctuariser la convention m\u00e9dicale, l&rsquo;accord qu&rsquo;on signe avec l&rsquo;Assurance maladie\u00a0\u00bb tous les quatre ans pour r\u00e9guler le secteur, a soulign\u00e9 Patricia Lef\u00e9bure, pr\u00e9sidente du syndicat FMF.<\/p>\n<p data-module=\"article-paragraph\" class=\"jsx-157965717 Paragraph Paragraph__End\">Selon le minist\u00e8re de la Sant\u00e9 \u2013 qui re\u00e7oit les statistiques avec un d\u00e9lai de 48 heures \u2013, l&rsquo;activit\u00e9 avait diminu\u00e9 mardi de 19% chez les g\u00e9n\u00e9ralistes et 12% chez les sp\u00e9cialistes. Des chiffres \u00ab\u00a0pas repr\u00e9sentatifs\u00a0\u00bb selon les syndicats qui estiment que 80% des praticiens participent au mouvement, qui prend souvent la forme d&rsquo;une \u00ab\u00a0gr\u00e8ve perl\u00e9e\u00a0\u00bb, avec quelques jours d&rsquo;ouverture pour ne pas p\u00e9naliser leurs patients.<\/p>\n<p>M\u00e9decins : ces consultations qui vont co\u00fbter plus cherSource : JT 13h Semaine<\/p>\n<p><a href=\"https:\/\/www.tf1info.fr\/sante\/videos\/video-medecins-ces-consultations-qui-vont-couter-plus-cher-2415696.html\" rel=\"noopener\" aria-label=\"01:54 M\u00e9decins : ces consultations qui vont co\u00fbter plus cher\" class=\"jsx-484472199 Link\" target=\"_blank\"><img decoding=\"async\" src=\"https:\/\/www.europesays.com\/fr\/wp-content\/uploads\/2026\/01\/medecins-ces-consultations-qui-vont-couter-plus-cher-1-c56dec-0@1x.jpeg\" alt=\"\" loading=\"lazy\" importance=\"low\" fetchpriority=\"low\" class=\"\" aria-hidden=\"true\"\/><\/p>\n<p>01:54<\/p>\n<p>M\u00e9decins : ces consultations qui vont co\u00fbter plus cher<\/a><\/p>\n<p data-module=\"article-paragraph\" class=\"jsx-157965717 Paragraph Paragraph__End\">Selon Lamine Gharbi, pr\u00e9sident de la F\u00e9d\u00e9ration de l&rsquo;hospitalisation priv\u00e9e (FHP), 80% des 4.000 praticiens inscrits \u00e0 la \u00ab\u00a0permanence des soins en \u00e9tablissements de sant\u00e9\u00a0\u00bb ont \u00e9t\u00e9 \u00ab\u00a0r\u00e9quisitionn\u00e9s\u00a0\u00bb par les autorit\u00e9s pour maintenir un niveau d&rsquo;activit\u00e9 minimal en clinique.<\/p>\n<p>Y.R. avec AFP<\/p>\n","protected":false},"excerpt":{"rendered":"En gr\u00e8ve depuis lundi, plusieurs milliers de m\u00e9decins lib\u00e9raux ont d\u00e9fil\u00e9, samedi 10 janvier, \u00e0 Paris. Les manifestants&hellip;\n","protected":false},"author":2,"featured_media":655215,"comment_status":"","ping_status":"","sticky":false,"template":"","format":"standard","meta":{"footnotes":""},"categories":[1888],"tags":[1111,1928,11,1927,1921,1003,1777,674,1011,27,1922,224,12,1926,626,1925,73817,4144,25,11067,731,133,5010],"class_list":{"0":"post-655214","1":"post","2":"type-post","3":"status-publish","4":"format-standard","5":"has-post-thumbnail","7":"category-paris","8":"tag-actu","9":"tag-actu-paris","10":"tag-actualites","11":"tag-actualites-paris","12":"tag-article-video","13":"tag-budget","14":"tag-eu","15":"tag-europe","16":"tag-fr","17":"tag-france","18":"tag-info","19":"tag-medecine","20":"tag-news","21":"tag-news-paris","22":"tag-paris","23":"tag-paris-news","24":"tag-politique-de-sante","25":"tag-politique-du-gouvernement","26":"tag-republique-francaise","27":"tag-sebastien-lecornu","28":"tag-securite-sociale","29":"tag-video","30":"tag-video-sujets-de-societe"},"share_on_mastodon":{"url":"https:\/\/pubeurope.com\/@fr\/115874027592223889","error":""},"_links":{"self":[{"href":"https:\/\/www.europesays.com\/fr\/wp-json\/wp\/v2\/posts\/655214","targetHints":{"allow":["GET"]}}],"collection":[{"href":"https:\/\/www.europesays.com\/fr\/wp-json\/wp\/v2\/posts"}],"about":[{"href":"https:\/\/www.europesays.com\/fr\/wp-json\/wp\/v2\/types\/post"}],"author":[{"embeddable":true,"href":"https:\/\/www.europesays.com\/fr\/wp-json\/wp\/v2\/users\/2"}],"replies":[{"embeddable":true,"href":"https:\/\/www.europesays.com\/fr\/wp-json\/wp\/v2\/comments?post=655214"}],"version-history":[{"count":0,"href":"https:\/\/www.europesays.com\/fr\/wp-json\/wp\/v2\/posts\/655214\/revisions"}],"wp:featuredmedia":[{"embeddable":true,"href":"https:\/\/www.europesays.com\/fr\/wp-json\/wp\/v2\/media\/655215"}],"wp:attachment":[{"href":"https:\/\/www.europesays.com\/fr\/wp-json\/wp\/v2\/media?parent=655214"}],"wp:term":[{"taxonomy":"category","embeddable":true,"href":"https:\/\/www.europesays.com\/fr\/wp-json\/wp\/v2\/categories?post=655214"},{"taxonomy":"post_tag","embeddable":true,"href":"https:\/\/www.europesays.com\/fr\/wp-json\/wp\/v2\/tags?post=655214"}],"curies":[{"name":"wp","href":"https:\/\/api.w.org\/{rel}","templated":true}]}}