{"id":655225,"date":"2026-01-11T02:13:12","date_gmt":"2026-01-11T02:13:12","guid":{"rendered":"https:\/\/www.europesays.com\/fr\/655225\/"},"modified":"2026-01-11T02:13:12","modified_gmt":"2026-01-11T02:13:12","slug":"week-end-de-protestations-aux-etats-unis-contre-la-police-de-limmigration","status":"publish","type":"post","link":"https:\/\/www.europesays.com\/fr\/655225\/","title":{"rendered":"Week-end de protestations aux Etats-Unis contre la police de l&rsquo;immigration"},"content":{"rendered":"<p>De nombreux rassemblements se sont tenus samedi \u00e0 travers les Etats-Unis pour protester contre les m\u00e9thodes de la police f\u00e9d\u00e9rale de l\u2019immigration (ICE), apr\u00e8s le tir mortel de l\u2019un de ses agents contre une femme de 37 ans \u00e0 Minneapolis.<\/p>\n<p>Dans cette ville du nord du pays, des milliers d\u2019habitants ont brav\u00e9 le froid (-7 degr\u00e9s) et les trottoirs glac\u00e9s et glissants pour converger dans l\u2019apr\u00e8s-midi vers un parc enneig\u00e9 situ\u00e9 non loin des lieux du drame, scandant le nom de la victime, Renee Good, et brandissant des pancartes hostiles \u00e0 la police de l\u2019immigration.<\/p>\n<p>Drew Lenzmeier, 30 ans, raconte \u00e0 l\u2019AFP qu\u2019elle a le sentiment de \u00ab\u00a0basculer dans une dictature autoritaire\u00a0\u00bb. \u00ab\u00a0Plus personne n\u2019emp\u00eache d\u00e9sormais l\u2019administration Trump de tuer des citoyens, de voler et d\u2019enlever des \u00eatres humains. Il est temps que \u00e7a s\u2019arr\u00eate.\u00a0\u00bb<\/p>\n<p>En fin de d\u00e9fil\u00e9 &#8211; qui a ralenti devant le m\u00e9morial improvis\u00e9 l\u00e0 o\u00f9 Renee Good a \u00e9t\u00e9 tu\u00e9e &#8211; Na\u00efma, Am\u00e9ricaine de 34 ans d\u2019origine somalienne, dit \u00e0 l\u2019AFP sa \u00ab\u00a0fiert\u00e9 de voir des gens de tous les \u00e2ges, de toutes les origines, venant du monde entier, se mobiliser pour soutenir nos communaut\u00e9s\u00a0\u00bb.<\/p>\n<p>A plus de 2.000 km de l\u00e0, sur la c\u00f4te Est, \u00e0 Boston, Bill Torcaso a lui aussi rejoint d\u2019autres protestataires. <\/p>\n<p>\u00ab\u00a0Le seul principe qui nous unit, c\u2019est l\u2019\u00e9galit\u00e9 devant la loi. C\u2019est ce en quoi je crois le plus profond\u00e9ment et c\u2019est pr\u00e9cis\u00e9ment ce que je pense que (Donald) Trump bafoue en permanence. C\u2019est inacceptable\u00a0\u00bb, d\u00e9nonce-t-il.<\/p>\n<p>Centaines de rassemblements<\/p>\n<p>Derri\u00e8re le slogan \u00ab\u00a0ICE out for Good\u00a0\u00bb (\u00a0\u00bbICE dehors pour de bon\u00a0\u00bb, faisant aussi \u00e9cho au nom de la victime, Renee Good), les appels \u00e0 manifester sont notamment relay\u00e9s par le mouvement \u00ab\u00a0No Kings\u00a0\u00bb, r\u00e9seau d\u2019organisations de gauche oppos\u00e9es \u00e0 Donald Trump. D\u2019autres ont \u00e9t\u00e9 lanc\u00e9s pour dimanche, plusieurs centaines au total tout au long du week-end.<\/p>\n<p>La mort de cette m\u00e8re de famille am\u00e9ricaine, abattue mercredi au volant de sa voiture, a suscit\u00e9 une forte \u00e9motion dans sa ville, bastion d\u00e9mocrate, et au-del\u00e0 parmi les Am\u00e9ricains inquiets des d\u00e9rives de la lutte contre l\u2019immigration ill\u00e9gale, \u00e9rig\u00e9e en priorit\u00e9 nationale par Donald Trump.<\/p>\n<p>Samedi matin, trois \u00e9lues d\u00e9mocrates du Minnesota \u00e0 la Chambre des repr\u00e9sentants se sont rendues dans un b\u00e2timent f\u00e9d\u00e9ral de la banlieue de Minneapolis o\u00f9 officie la police de l\u2019immigration, dont Ilhan Omar, figure de la gauche am\u00e9ricaine d\u2019origine somalienne.<\/p>\n<p>    <img decoding=\"async\" src=\"https:\/\/www.europesays.com\/fr\/wp-content\/uploads\/2026\/01\/2306177-des-personnes-manifestent-a-philadelphie-contre-la.jpg\" alt=\"Des personnes manifestent \u00e0 Philadelphie contre la police de l'immigration, le 10 janvier 2026\"   class=\"article-media__image\" loading=\"lazy\" style=\"aspect-ratio:2048\/1361\"\/><\/p>\n<p>\n                    Des personnes manifestent \u00e0 Philadelphie contre la police de l&rsquo;immigration, le 10 janvier 2026<\/p>\n<p>                            Matthew HATCHER \/ AFP<\/p>\n<p>Mais sit\u00f4t sont-elles entr\u00e9es qu\u2019on leur a demand\u00e9 de partir, ont-elles racont\u00e9. \u00ab\u00a0Ce qui s\u2019est pass\u00e9 aujourd\u2019hui est une tentative flagrante d\u2019emp\u00eacher des membres du Congr\u00e8s d\u2019exercer leur mission de contr\u00f4le\u00a0\u00bb, a d\u00e9plor\u00e9 Ilhan Omar.<\/p>\n<p>Selon le gouvernement am\u00e9ricain, qui parle d\u2019un acte de \u00ab\u00a0terrorisme int\u00e9rieur\u00a0\u00bb, le policier a tir\u00e9 en \u00e9tat de l\u00e9gitime d\u00e9fense au moment o\u00f9 Renee Good tentait de le renverser avec son v\u00e9hicule.<\/p>\n<p>Mais plusieurs vid\u00e9os prises par des t\u00e9moins circulant depuis mercredi tendent \u00e0 sugg\u00e9rer que le policier n\u2019est pas r\u00e9ellement menac\u00e9 par la conductrice quand sa voiture avance. Elle semble au contraire tenter de l\u2019\u00e9viter.<\/p>\n<p>\u00ab\u00a0Pas en col\u00e8re\u00a0\u00bb<\/p>\n<p>Pour appuyer ses dires, l\u2019administration a relay\u00e9 vendredi une vid\u00e9o prise par l\u2019agent incrimin\u00e9, Jonathan Ross. <\/p>\n<p>Le clip montre le SUV rouge de la conductrice en travers de la route enneig\u00e9e tandis que retentissent des sir\u00e8nes. <\/p>\n<p>Au volant, Renee Good lance: \u00ab\u00a0Je ne suis pas en col\u00e8re contre toi\u00a0\u00bb \u00e0 l\u2019agent, qui fait le tour de la voiture. Lorsque Jonathan Ross passe devant le capot, elle fait marche arri\u00e8re, avant d\u2019avancer en tournant, quand des coups de feu retentissent. \u00ab\u00a0Putain de connasse\u00a0\u00bb, l\u00e2che une voix masculine.<\/p>\n<p>Les \u00e9lus d\u00e9mocrates d\u00e9plorent que les enqu\u00eateurs locaux aient \u00e9t\u00e9 \u00e9cart\u00e9s des investigations, men\u00e9es par le FBI.<\/p>\n<p>\u00ab\u00a0C\u2019est le moment de respecter la loi. Le fait que le minist\u00e8re de la Justice de Pam Bondi et cette administration pr\u00e9sidentielle soient d\u00e9j\u00e0 parvenus \u00e0 des conclusions sur ces faits est profond\u00e9ment pr\u00e9occupant\u00a0\u00bb, juge le maire de Minneapolis, Jacob Frey.<\/p>\n<p>Selon le m\u00e9dia am\u00e9ricain The Trace, sp\u00e9cialiste des violences par armes \u00e0 feu, Renee Good est la quatri\u00e8me personne tu\u00e9e par des agents f\u00e9d\u00e9raux de l\u2019immigration depuis le lancement de la politique d\u2019expulsion de l\u2019administration Trump, et sept autres ont \u00e9t\u00e9 bless\u00e9es.<\/p>\n","protected":false},"excerpt":{"rendered":"De nombreux rassemblements se sont tenus samedi \u00e0 travers les Etats-Unis pour protester contre les m\u00e9thodes de la&hellip;\n","protected":false},"author":2,"featured_media":655226,"comment_status":"","ping_status":"","sticky":false,"template":"","format":"standard","meta":{"footnotes":""},"categories":[1589],"tags":[11,73,1866,12,1864,1865,1863,308],"class_list":{"0":"post-655225","1":"post","2":"type-post","3":"status-publish","4":"format-standard","5":"has-post-thumbnail","7":"category-etats-unis","8":"tag-actualites","9":"tag-etats-unis","10":"tag-etats-unis-damerique","11":"tag-news","12":"tag-united-states","13":"tag-united-states-of-america","14":"tag-us","15":"tag-usa"},"share_on_mastodon":{"url":"https:\/\/pubeurope.com\/@fr\/115874051105165494","error":""},"_links":{"self":[{"href":"https:\/\/www.europesays.com\/fr\/wp-json\/wp\/v2\/posts\/655225","targetHints":{"allow":["GET"]}}],"collection":[{"href":"https:\/\/www.europesays.com\/fr\/wp-json\/wp\/v2\/posts"}],"about":[{"href":"https:\/\/www.europesays.com\/fr\/wp-json\/wp\/v2\/types\/post"}],"author":[{"embeddable":true,"href":"https:\/\/www.europesays.com\/fr\/wp-json\/wp\/v2\/users\/2"}],"replies":[{"embeddable":true,"href":"https:\/\/www.europesays.com\/fr\/wp-json\/wp\/v2\/comments?post=655225"}],"version-history":[{"count":0,"href":"https:\/\/www.europesays.com\/fr\/wp-json\/wp\/v2\/posts\/655225\/revisions"}],"wp:featuredmedia":[{"embeddable":true,"href":"https:\/\/www.europesays.com\/fr\/wp-json\/wp\/v2\/media\/655226"}],"wp:attachment":[{"href":"https:\/\/www.europesays.com\/fr\/wp-json\/wp\/v2\/media?parent=655225"}],"wp:term":[{"taxonomy":"category","embeddable":true,"href":"https:\/\/www.europesays.com\/fr\/wp-json\/wp\/v2\/categories?post=655225"},{"taxonomy":"post_tag","embeddable":true,"href":"https:\/\/www.europesays.com\/fr\/wp-json\/wp\/v2\/tags?post=655225"}],"curies":[{"name":"wp","href":"https:\/\/api.w.org\/{rel}","templated":true}]}}