{"id":655228,"date":"2026-01-11T02:15:12","date_gmt":"2026-01-11T02:15:12","guid":{"rendered":"https:\/\/www.europesays.com\/fr\/655228\/"},"modified":"2026-01-11T02:15:12","modified_gmt":"2026-01-11T02:15:12","slug":"manifestations-en-iran-des-milliers-de-personnes-dans-les-rues-dallemagne-en-soutien-aux-manifestants-iraniens","status":"publish","type":"post","link":"https:\/\/www.europesays.com\/fr\/655228\/","title":{"rendered":"Manifestations en Iran &#8211; Des milliers de personnes dans les rues d&rsquo;Allemagne en soutien aux manifestants iraniens"},"content":{"rendered":"<p><img decoding=\"async\" class=\"w-full object-contain\" style=\"aspect-ratio:150 \/ 100;opacity:1\" alt=\"Manifestations en Iran - Des milliers de personnes dans les rues d'Allemagne en soutien aux manifestants iraniens\" width=\"512\" height=\"341\" fetchpriority=\"high\" src=\"https:\/\/www.europesays.com\/fr\/wp-content\/uploads\/2026\/01\/CH52OV3W5NHQDPZSHAPGV3YZXM.jpg\"  \/><\/p>\n<p class=\"ap-StoryElement ap-StoryElement--mb ap-StoryText\">Dans la capitale, la police berlinoise a d\u00e9nombr\u00e9 quelque 1.400 participants \u00e0 une marche \u00e0 travers le centre-ville, tandis que 300 autres se sont r\u00e9unis sur une place adjacente. \u00c0 Francfort, environ 1.800 personnes ont manifest\u00e9.<\/p>\n<p class=\"ap-StoryElement ap-StoryElement--mb ap-StoryText\">Certains manifestants \u00e0 Berlin brandissaient des portraits de Reza Pahlavi, le fils de l&rsquo;ancien chah d&rsquo;Iran &#8211; dont la monarchie a \u00e9t\u00e9 renvers\u00e9e en 1979 &#8211; et figure de l&rsquo;opposition en exil. L&rsquo;image s&rsquo;accompagnait parfois de quelques mots le d\u00e9crivant comme \u00e9tant le \u00ab\u00a0roi de l&rsquo;Iran\u00a0\u00bb. \u00c9tabli aux \u00c9tats-Unis, Reza Pahlavi tente de se positionner comme la figure de proue d&rsquo;une opposition morcel\u00e9e. \u00c0 l&rsquo;inverse, certaines banderoles proclamaient: \u00ab\u00a0ni th\u00e9ocratie, ni monarchie &#8211; Libert\u00e9 et \u00e9galit\u00e9\u00a0\u00bb.<\/p>\n","protected":false},"excerpt":{"rendered":"Dans la capitale, la police berlinoise a d\u00e9nombr\u00e9 quelque 1.400 participants \u00e0 une marche \u00e0 travers le centre-ville,&hellip;\n","protected":false},"author":2,"featured_media":2837,"comment_status":"","ping_status":"","sticky":false,"template":"","format":"standard","meta":{"footnotes":""},"categories":[1587],"tags":[11,672,1804,1805,1803,1777,674,1801,3019,2088,12,1802],"class_list":{"0":"post-655228","1":"post","2":"type-post","3":"status-publish","4":"format-standard","5":"has-post-thumbnail","7":"category-allemagne","8":"tag-actualites","9":"tag-allemagne","10":"tag-bundesrepublik-deutschland","11":"tag-de","12":"tag-deutschland","13":"tag-eu","14":"tag-europe","15":"tag-germany","16":"tag-iran","17":"tag-manifestation","18":"tag-news","19":"tag-republique-federale-dallemagne"},"share_on_mastodon":{"url":"https:\/\/pubeurope.com\/@fr\/115874059222770110","error":""},"_links":{"self":[{"href":"https:\/\/www.europesays.com\/fr\/wp-json\/wp\/v2\/posts\/655228","targetHints":{"allow":["GET"]}}],"collection":[{"href":"https:\/\/www.europesays.com\/fr\/wp-json\/wp\/v2\/posts"}],"about":[{"href":"https:\/\/www.europesays.com\/fr\/wp-json\/wp\/v2\/types\/post"}],"author":[{"embeddable":true,"href":"https:\/\/www.europesays.com\/fr\/wp-json\/wp\/v2\/users\/2"}],"replies":[{"embeddable":true,"href":"https:\/\/www.europesays.com\/fr\/wp-json\/wp\/v2\/comments?post=655228"}],"version-history":[{"count":0,"href":"https:\/\/www.europesays.com\/fr\/wp-json\/wp\/v2\/posts\/655228\/revisions"}],"wp:featuredmedia":[{"embeddable":true,"href":"https:\/\/www.europesays.com\/fr\/wp-json\/wp\/v2\/media\/2837"}],"wp:attachment":[{"href":"https:\/\/www.europesays.com\/fr\/wp-json\/wp\/v2\/media?parent=655228"}],"wp:term":[{"taxonomy":"category","embeddable":true,"href":"https:\/\/www.europesays.com\/fr\/wp-json\/wp\/v2\/categories?post=655228"},{"taxonomy":"post_tag","embeddable":true,"href":"https:\/\/www.europesays.com\/fr\/wp-json\/wp\/v2\/tags?post=655228"}],"curies":[{"name":"wp","href":"https:\/\/api.w.org\/{rel}","templated":true}]}}