{"id":655241,"date":"2026-01-11T02:24:09","date_gmt":"2026-01-11T02:24:09","guid":{"rendered":"https:\/\/www.europesays.com\/fr\/655241\/"},"modified":"2026-01-11T02:24:09","modified_gmt":"2026-01-11T02:24:09","slug":"nadal-est-le-meilleur-joueur-de-lhistoire-tennistemple","status":"publish","type":"post","link":"https:\/\/www.europesays.com\/fr\/655241\/","title":{"rendered":"\u00ab Nadal est le meilleur joueur de l\u2019histoire \u00bb \u2022 TennisTemple"},"content":{"rendered":"\n<p>\ud83c\uddee\ud83c\uddf9 \u00ab Je me souviens de ce moment, je me souviens de cette d\u00e9faite. De mon point de vue, cela m&rsquo;a beaucoup rappel\u00e9 2021, quand j&rsquo;\u00e9tais encore loin du sommet, quand mon niveau n&rsquo;\u00e9tait pas aussi bon qu&rsquo;aujourd&rsquo;hui.<\/p>\n<p>C&rsquo;est vrai que Carlos a deux ans de moins que moi et qu&rsquo;il \u00e9tait d\u00e9j\u00e0 \u00e0 un autre niveau, mais dans son cas, on parle d&rsquo;un joueur exceptionnel. Avoir disput\u00e9 autant de matchs l&rsquo;un contre l&#8230;<\/p>\n<p> <a href=\"https:\/\/fr.tennistemple.com\/LaChaineTT\/post\/13018805\/je-me-souviens-de-ce-moment-je-me-souviens-de-cette-de\/\" class=\"expand\" target=\"_blank\" rel=\"noopener\">Lire en entier<\/a> <\/p>\n","protected":false},"excerpt":{"rendered":"\ud83c\uddee\ud83c\uddf9 \u00ab Je me souviens de ce moment, je me souviens de cette d\u00e9faite. De mon point de&hellip;\n","protected":false},"author":2,"featured_media":655242,"comment_status":"","ping_status":"","sticky":false,"template":"","format":"standard","meta":{"footnotes":""},"categories":[1415],"tags":[1011,27,60,1467],"class_list":{"0":"post-655241","1":"post","2":"type-post","3":"status-publish","4":"format-standard","5":"has-post-thumbnail","7":"category-tennis","8":"tag-fr","9":"tag-france","10":"tag-sports","11":"tag-tennis"},"share_on_mastodon":{"url":"https:\/\/pubeurope.com\/@fr\/115874094274684531","error":""},"_links":{"self":[{"href":"https:\/\/www.europesays.com\/fr\/wp-json\/wp\/v2\/posts\/655241","targetHints":{"allow":["GET"]}}],"collection":[{"href":"https:\/\/www.europesays.com\/fr\/wp-json\/wp\/v2\/posts"}],"about":[{"href":"https:\/\/www.europesays.com\/fr\/wp-json\/wp\/v2\/types\/post"}],"author":[{"embeddable":true,"href":"https:\/\/www.europesays.com\/fr\/wp-json\/wp\/v2\/users\/2"}],"replies":[{"embeddable":true,"href":"https:\/\/www.europesays.com\/fr\/wp-json\/wp\/v2\/comments?post=655241"}],"version-history":[{"count":0,"href":"https:\/\/www.europesays.com\/fr\/wp-json\/wp\/v2\/posts\/655241\/revisions"}],"wp:featuredmedia":[{"embeddable":true,"href":"https:\/\/www.europesays.com\/fr\/wp-json\/wp\/v2\/media\/655242"}],"wp:attachment":[{"href":"https:\/\/www.europesays.com\/fr\/wp-json\/wp\/v2\/media?parent=655241"}],"wp:term":[{"taxonomy":"category","embeddable":true,"href":"https:\/\/www.europesays.com\/fr\/wp-json\/wp\/v2\/categories?post=655241"},{"taxonomy":"post_tag","embeddable":true,"href":"https:\/\/www.europesays.com\/fr\/wp-json\/wp\/v2\/tags?post=655241"}],"curies":[{"name":"wp","href":"https:\/\/api.w.org\/{rel}","templated":true}]}}