{"id":655245,"date":"2026-01-11T02:29:15","date_gmt":"2026-01-11T02:29:15","guid":{"rendered":"https:\/\/www.europesays.com\/fr\/655245\/"},"modified":"2026-01-11T02:29:15","modified_gmt":"2026-01-11T02:29:15","slug":"tous-les-resultats-et-classements-apres-la-douzieme-journee","status":"publish","type":"post","link":"https:\/\/www.europesays.com\/fr\/655245\/","title":{"rendered":"tous les r\u00e9sultats et classements apr\u00e8s la douzi\u00e8me journ\u00e9e"},"content":{"rendered":"<p>Une reprise pas comme les autres ! Ce samedi 10 janvier marque effectivement le retour du championnat de National 3. \u00c0 cette occasion, la douzi\u00e8me journ\u00e9e se retrouve orpheline de bons nombres de ses matchs. En effet, en raison des conditions climatiques difficiles partout en France, de tr\u00e8s nombreuses rencontres <a href=\"https:\/\/www.foot-national.com\/actus\/national-2-national-3-tous-les-matchs-reportes-du-week-end-2-935038\" target=\"_blank\" rel=\"noopener\">ont \u00e9t\u00e9 report\u00e9es<\/a>. Sans compter les seizi\u00e8mes de finale de la Coupe de France qui concernent les Hauts Lyonnais. Sans plus tarder, d\u00e9couvrez tous les r\u00e9sultats et classements apr\u00e8s la douzi\u00e8me journ\u00e9e de National 3. \u00a0<\/p>\n<p>Les r\u00e9sultats complets de la 12e journ\u00e9eGroupe A<\/p>\n<ul>\n<li>RCO Agde 1 &#8211; 0 US Castanet<\/li>\n<li>US Colomiers 2 &#8211; 0 Alberes\/Argeles<\/li>\n<li>L\u00e8ge Cap Ferret &#8211; Tarbes<\/li>\n<li>Canet Roussillon &#8211; Blagnac<\/li>\n<li>Cestas &#8211; FC Bassin d\u2019Arcachon : dimanche \u00e0 14h30<\/li>\n<li>Toulouse B &#8211; Anglet : dimanche \u00e0 15h00<\/li>\n<\/ul>\n<p><a href=\"https:\/\/www.foot-national.com\/data\/match-foot-toulouse-pau-428177.html\" target=\"_blank\" rel=\"noopener\">Classement<\/a><\/p>\n<p>Groupe B<\/p>\n<ul>\n<li>USPF 3 &#8211; 1 Chauvigny<\/li>\n<li>Angers B 0 &#8211; 0 Le Poir\u00e9-sur-Vie<\/li>\n<li>Ch\u00e2teauroux B &#8211; Vertou : dimanche \u00e0 14h30<\/li>\n<\/ul>\n<p><a href=\"https:\/\/www.foot-national.com\/data\/match-foot-fontenay-les-sables-d-olonne-428517.html\" target=\"_blank\" rel=\"noopener\">Classement<\/a><\/p>\n<p>Groupe C<\/p>\n<ul>\n<li>Vannes 4 &#8211; 1 Cesson<\/li>\n<li>Vire 1 &#8211; 1 Milizac Saint-Pierre<\/li>\n<li>Ergue Gab\u00e9ric 1 &#8211; 2 GSI Pontivy<\/li>\n<li>Laval B 1 &#8211; 0 Guingamp B<\/li>\n<li>Brest B 1 &#8211; 0 Rennes B<\/li>\n<li>Vitr\u00e9 1 &#8211; 1 Lannion<\/li>\n<li>Foug\u00e8res 2 &#8211; 2 Alen\u00e7on<\/li>\n<\/ul>\n<p><a href=\"https:\/\/www.foot-national.com\/data\/match-foot-guingamp-lannion-428881.html\" target=\"_blank\" rel=\"noopener\">Classement<\/a><\/p>\n<p>Groupe D<\/p>\n<ul>\n<li>Bastia B 2 &#8211; 1 C\u2019Chartres<\/li>\n<li>Aubervilliers 3 &#8211; 1 Saint Ouen L\u2019Aumone<\/li>\n<li>Dives Cabourg 2 &#8211; 0 Caen B<\/li>\n<li>Bretigny &#8211; Racing CFF : dimanche \u00e0 14h30<\/li>\n<li>Versailles B &#8211; AS Trouville Deauville Villers : dimanche \u00e0 14h30<\/li>\n<\/ul>\n<p><a href=\"https:\/\/www.foot-national.com\/data\/match-foot-aubervilliers-racing-cff-colombes-429261.html\" target=\"_blank\" rel=\"noopener\">Classement<\/a><\/p>\n<p>Groupe E<\/p>\n<ul>\n<li>Reims B 0 &#8211; 0 Saint-Quentin<\/li>\n<li>JA Drancy 2 &#8211; 3 LOSC B<\/li>\n<\/ul>\n<p><a href=\"https:\/\/www.foot-national.com\/data\/classement-national3-groupe-e.html\" target=\"_blank\" rel=\"noopener\">Classement<\/a><\/p>\n<p>Groupe F<\/p>\n<ul>\n<li>ESTAC Troyes B 1 &#8211; 0 US Torcy<\/li>\n<li>Jura Dolois 0 &#8211; 2 CA Pontarlier<\/li>\n<li>Chalon 0 &#8211; 0 US Ivry<\/li>\n<\/ul>\n<p><a href=\"https:\/\/www.foot-national.com\/data\/classement-national3-groupe-f.html\" target=\"_blank\" rel=\"noopener\">Classement<\/a><\/p>\n<p>Groupe G<\/p>\n<ul>\n<li>US Orl\u00e9ans B 1 &#8211; 0 Jura Sud<\/li>\n<li>Auxerre B 2 &#8211; 0 Moulins Yzeure<\/li>\n<li>Dijon FCO 3 &#8211; 2 Vierzon FC<\/li>\n<\/ul>\n<p><a href=\"https:\/\/www.foot-national.com\/data\/classement-national3-groupe-g.html\" target=\"_blank\" rel=\"noopener\">Classement<\/a><\/p>\n<p>Groupe H<\/p>\n<ul>\n<li>ES Fos 0 &#8211; 0 Lyon La Duch\u00e8re<\/li>\n<li>Carnoux 7 &#8211; 1 Seyssinet<\/li>\n<li>Beaucaire 1 &#8211; 0 Riviera FC<\/li>\n<li>ASPTT Dijon 1 &#8211; 1 Bourgoin Jallieu<\/li>\n<li>OL B 1 &#8211; 1 Al\u00e8s-en-C\u00e9v\u00e8nnes<\/li>\n<li>MHSC B &#8211; OM B : dimanche \u00e0 15h00<\/li>\n<\/ul>\n<p><a href=\"https:\/\/www.foot-national.com\/data\/classement-national3-groupe-h.html\" target=\"_blank\" rel=\"noopener\">Classement<\/a><\/p>\n<p>Partagez cette info avec vos amis et vos proches en cliquant ici<br \/>Pour r\u00e9sumer<\/p>\n<p>Une reprise pas comme les autres ! Ce samedi 10 janvier marque effectivement le retour du championnat de National 3. \u00c0 cette occasion, la douzi\u00e8me journ\u00e9e se retrouve orpheline de bons nombres de ses matchs. D\u00e9couvrez tous les r\u00e9sultats.<\/p>\n<p> <img decoding=\"async\" width=\"76\" height=\"76\" loading=\"lazy\" src=\"https:\/\/static.wui.fr\/images_v3\/avatar-footnational.png\" alt=\"Youcef Ghalaza-Boudra\"\/><\/p>\n","protected":false},"excerpt":{"rendered":"Une reprise pas comme les autres ! Ce samedi 10 janvier marque effectivement le retour du championnat de&hellip;\n","protected":false},"author":2,"featured_media":655246,"comment_status":"","ping_status":"","sticky":false,"template":"","format":"standard","meta":{"footnotes":""},"categories":[1410],"tags":[63,1011,27,59557,60],"class_list":{"0":"post-655245","1":"post","2":"type-post","3":"status-publish","4":"format-standard","5":"has-post-thumbnail","7":"category-football","8":"tag-football","9":"tag-fr","10":"tag-france","11":"tag-national-3-actus","12":"tag-sports"},"share_on_mastodon":{"url":"https:\/\/pubeurope.com\/@fr\/115874114102932580","error":""},"_links":{"self":[{"href":"https:\/\/www.europesays.com\/fr\/wp-json\/wp\/v2\/posts\/655245","targetHints":{"allow":["GET"]}}],"collection":[{"href":"https:\/\/www.europesays.com\/fr\/wp-json\/wp\/v2\/posts"}],"about":[{"href":"https:\/\/www.europesays.com\/fr\/wp-json\/wp\/v2\/types\/post"}],"author":[{"embeddable":true,"href":"https:\/\/www.europesays.com\/fr\/wp-json\/wp\/v2\/users\/2"}],"replies":[{"embeddable":true,"href":"https:\/\/www.europesays.com\/fr\/wp-json\/wp\/v2\/comments?post=655245"}],"version-history":[{"count":0,"href":"https:\/\/www.europesays.com\/fr\/wp-json\/wp\/v2\/posts\/655245\/revisions"}],"wp:featuredmedia":[{"embeddable":true,"href":"https:\/\/www.europesays.com\/fr\/wp-json\/wp\/v2\/media\/655246"}],"wp:attachment":[{"href":"https:\/\/www.europesays.com\/fr\/wp-json\/wp\/v2\/media?parent=655245"}],"wp:term":[{"taxonomy":"category","embeddable":true,"href":"https:\/\/www.europesays.com\/fr\/wp-json\/wp\/v2\/categories?post=655245"},{"taxonomy":"post_tag","embeddable":true,"href":"https:\/\/www.europesays.com\/fr\/wp-json\/wp\/v2\/tags?post=655245"}],"curies":[{"name":"wp","href":"https:\/\/api.w.org\/{rel}","templated":true}]}}