{"id":65525,"date":"2025-04-30T23:18:22","date_gmt":"2025-04-30T23:18:22","guid":{"rendered":"https:\/\/www.europesays.com\/fr\/65525\/"},"modified":"2025-04-30T23:18:22","modified_gmt":"2025-04-30T23:18:22","slug":"nantes-retrouve-le-final-four-de-la-ligue-des-champions-en-eliminant-le-sporting","status":"publish","type":"post","link":"https:\/\/www.europesays.com\/fr\/65525\/","title":{"rendered":"Nantes retrouve le Final Four de la Ligue des champions en \u00e9liminant le Sporting"},"content":{"rendered":"<p>Ce mercredi, Nantes a \u00e9limin\u00e9 le Sporting \u00e0 Lisbonne et retrouve le Final Four de la Ligue des champions pour la troisi\u00e8me fois de son histoire.<\/p>\n<p class=\"fig-paragraph\">Jamais deux sans trois. Sorti indemne et victorieux du pi\u00e8ge Sporting Portugal (32-30), le HBC Nantes s\u2019est qualifi\u00e9 pour la troisi\u00e8me fois de son histoire pour le Final Four de la Ligue des champions mercredi.<\/p>\n<p class=\"fig-paragraph\">Quatre ans apr\u00e8s leur derni\u00e8re participation au dernier carr\u00e9 de la comp\u00e9tition, les Nantais retrouveront les 14 et 15 juin Cologne (Allemagne), o\u00f9 en 2021 ils avaient accroch\u00e9 une 4e place. Peut-\u00eatre m\u00eame se pr\u00eateront-ils \u00e0 r\u00eaver d\u2019une finale apr\u00e8s celle de 2018, perdue contre Montpellier.<\/p>\n<p class=\"fig-paragraph\">Apr\u00e8s \u00eatre sorti troisi\u00e8me d\u2019une difficile phase de groupes, puis apr\u00e8s un renversant barrage contre Plock, le \u00abH\u00bb a cette fois \u00e9cart\u00e9 de son chemin le Sporting, chez lui, o\u00f9 les Portugais restaient invaincus en Ligue des champions cette saison et o\u00f9 ils avaient surtout fait lourdement tomber des favoris tels Veszprem (39-30) ou Paris (39-28).<\/p>\n<p class=\"fig-paragraph\">Mais s\u2019ils \u00e9taient ressortis presque d\u00e9\u00e7us de leur courte victoire \u00e0 l\u2019aller (28-27), les hommes de Gregory Cojean ont cette fois \u00e9teint le bruyant Pavilhao Joao Rocha, formant une ronde joyeuse pr\u00e8s du but du gardien Ivan Pesic, auteur d\u2019un \u00e9norme match.<\/p>\n<p>35 % de r\u00e9ussite pour Ivan Pesic<\/p>\n<p class=\"fig-paragraph\">D\u00e9j\u00e0 d\u00e9cisif en premi\u00e8re p\u00e9riode \u00e0 l\u2019aller, le Croate a r\u00e9it\u00e9r\u00e9 sa performance pendant 60 minutes, terminant la rencontre avec seize arr\u00eats (16\/45, \u00e0 35% de r\u00e9ussite). Il en comptait d\u00e9j\u00e0 huit, dont certains de tr\u00e8s grande classe, \u00e0 l\u2019issue du premier acte durant lequel les Nantais ont su contenir d\u00e9fensivement l\u2019enthousiasme du prodige Martim Costa (8\/14). Pesic a ensuite continu\u00e9 \u00e0 \u00e9teindre le feu en emp\u00eachant les Portugais de prendre trois buts d\u2019avance apr\u00e8s un d\u00e9but de seconde p\u00e9riode anim\u00e9, o\u00f9 Martim Costa, justement, s\u2019est reveill\u00e9.<\/p>\n<p class=\"fig-paragraph\">Et peu perturb\u00e9 par le carton rouge re\u00e7u par O\u2019Brian Nyateu \u00e0 un quart d\u2019heure du terme, le gardien du \u00abH\u00bb a r\u00e9alis\u00e9 un \u00e9ni\u00e8me arr\u00eat qui a permis \u00e0 Nantes d\u2019ensuite prendre ses distances (24-26). A 10 minutes du terme, une r\u00e9alisation d\u2019Aymeric Minne (8\/9), revenu depuis peu de blessure et lui aussi d\u00e9cisif, leur a m\u00eame enfin donn\u00e9 trois buts d\u2019\u00e9cart (24-27).<\/p>\n<p class=\"fig-paragraph\">Une avance que les joueurs du Sporting n\u2019ont pas su r\u00e9duire. Ils auraient pu, \u00e0 la 58e, pour revenir \u00e0 une unit\u00e9 (28-30). Mais un certain Ivan Pesic s\u2019est encore interpos\u00e9 de sa main gauche pour d\u00e9finitivement fermer la porte \u00e0 son adversaire. Et ouvrir en grand celle menant \u00e0 Cologne.<\/p>\n","protected":false},"excerpt":{"rendered":"Ce mercredi, Nantes a \u00e9limin\u00e9 le Sporting \u00e0 Lisbonne et retrouve le Final Four de la Ligue des&hellip;\n","protected":false},"author":2,"featured_media":65526,"comment_status":"","ping_status":"","sticky":false,"template":"","format":"standard","meta":{"footnotes":""},"categories":[2818],"tags":[1111,11,2207,69,525,2211,2212,2210,1981,2206,64,1777,674,1011,27,1792,2209,447,2208,766,12,2636,25,1980],"class_list":{"0":"post-65525","1":"post","2":"type-post","3":"status-publish","4":"format-standard","5":"has-post-thumbnail","7":"category-nantes","8":"tag-actu","9":"tag-actualites","10":"tag-bleus","11":"tag-bundesliga","12":"tag-calendrier","13":"tag-championnat-deurope","14":"tag-championnat-du-monde","15":"tag-ciudad-real","16":"tag-classement","17":"tag-division-1","18":"tag-equipe-de-france","19":"tag-eu","20":"tag-europe","21":"tag-fr","22":"tag-france","23":"tag-handball","24":"tag-kiel","25":"tag-ligue-des-champions","26":"tag-montpellier","27":"tag-nantes","28":"tag-news","29":"tag-pays-de-la-loire","30":"tag-republique-francaise","31":"tag-resultats"},"share_on_mastodon":{"url":"https:\/\/pubeurope.com\/@fr\/114429473784163601","error":""},"_links":{"self":[{"href":"https:\/\/www.europesays.com\/fr\/wp-json\/wp\/v2\/posts\/65525","targetHints":{"allow":["GET"]}}],"collection":[{"href":"https:\/\/www.europesays.com\/fr\/wp-json\/wp\/v2\/posts"}],"about":[{"href":"https:\/\/www.europesays.com\/fr\/wp-json\/wp\/v2\/types\/post"}],"author":[{"embeddable":true,"href":"https:\/\/www.europesays.com\/fr\/wp-json\/wp\/v2\/users\/2"}],"replies":[{"embeddable":true,"href":"https:\/\/www.europesays.com\/fr\/wp-json\/wp\/v2\/comments?post=65525"}],"version-history":[{"count":0,"href":"https:\/\/www.europesays.com\/fr\/wp-json\/wp\/v2\/posts\/65525\/revisions"}],"wp:featuredmedia":[{"embeddable":true,"href":"https:\/\/www.europesays.com\/fr\/wp-json\/wp\/v2\/media\/65526"}],"wp:attachment":[{"href":"https:\/\/www.europesays.com\/fr\/wp-json\/wp\/v2\/media?parent=65525"}],"wp:term":[{"taxonomy":"category","embeddable":true,"href":"https:\/\/www.europesays.com\/fr\/wp-json\/wp\/v2\/categories?post=65525"},{"taxonomy":"post_tag","embeddable":true,"href":"https:\/\/www.europesays.com\/fr\/wp-json\/wp\/v2\/tags?post=65525"}],"curies":[{"name":"wp","href":"https:\/\/api.w.org\/{rel}","templated":true}]}}