{"id":655251,"date":"2026-01-11T02:33:13","date_gmt":"2026-01-11T02:33:13","guid":{"rendered":"https:\/\/www.europesays.com\/fr\/655251\/"},"modified":"2026-01-11T02:33:13","modified_gmt":"2026-01-11T02:33:13","slug":"lucie-bernardoni-et-christophe-licata-le-nouveau-duo-de-dals-devoile-en-plein-prime-de-la-star-academy","status":"publish","type":"post","link":"https:\/\/www.europesays.com\/fr\/655251\/","title":{"rendered":"Lucie Bernardoni et Christophe Licata : le nouveau duo de DALS d\u00e9voil\u00e9 en plein prime de la Star Academy !"},"content":{"rendered":"<p>Lucie Bernardoni sait avec quel partenaire elle va danser dans la prochaine saison de <strong><a href=\"https:\/\/www.public.fr\/tag\/danse-avec-les-stars\" target=\"_blank\" rel=\"noopener\">Danse avec les stars.<\/a><\/strong> Ce samedi 10 janvier 2026, le prime de la <strong><a href=\"https:\/\/www.public.fr\/tag\/star-academy\" target=\"_blank\" rel=\"noopener\">Star Academy<\/a><\/strong> a \u00e9t\u00e9 marqu\u00e9 par une r\u00e9v\u00e9lation inattendue. Alors que l\u2019\u00e9mission diffus\u00e9e sur TF1 proposait une soir\u00e9e d\u00e9cisive pour les candidats encore en lice, avec Victor et Anouk qui se trouvaient en danger, une annonce concernant <strong>Danse avec les stars<\/strong> a surpris tous les t\u00e9l\u00e9spectateurs.\u00a0<\/p>\n<p>Lucie Bernardoni, <a href=\"https:\/\/www.public.fr\/lucie-bernardoni-le-directeur-de-la-star-academy-michael-goldman-contraint-de-sexcuser\" target=\"_blank\" rel=\"noopener\">r\u00e9p\u00e9titrice embl\u00e9matique du programme<\/a> et figure famili\u00e8re du public, a d\u00e9couvert en direct l\u2019identit\u00e9 du danseur professionnel avec lequel elle formera un duo lors de la prochaine saison de l\u2019\u00e9mission de danse.\u00a0<\/p>\n<p>Lucie Bernardoni d\u00e9couvre son partenaire de Danse avec les stars en plein prime de la Star Academy<\/p>\n<p>C\u2019est en pleine diffusion du prime de la <strong>Star Academy<\/strong> que la r\u00e9p\u00e9titrice du programme a appris la bonne nouvelle. Alors que Bastiaan, Ambre, et L\u00e9a, se disputaient une place en demi-finale, la production a profit\u00e9 de l\u2019\u00e9v\u00e9nement pour lever le voile sur un futur duo de <strong>Danse avec les stars<\/strong>. Lucie Bernardoni a \u00e9t\u00e9 invit\u00e9e \u00e0 se rendre sur la sc\u00e8ne du studio 217 alors que <strong>trois danseurs masqu\u00e9s de l\u2019\u00e9mission de danse de TF1 se trouvaient sur celle-ci.\u00a0<\/strong><\/p>\n<p>Les trois professionnels de danse ont ex\u00e9cut\u00e9 une prestation avant que l\u2019un d\u2019entre eux ne retire son masque. <strong>Lucie Bernardoni a ainsi appris en direct qu\u2019elle danserait aux c\u00f4t\u00e9s de Christophe Licata<\/strong>, <a href=\"https:\/\/www.public.fr\/abime-par-la-polemique-ines-reg-christophe-licata-a-ete-sauve-par-mayane-elle-ma-repare\" target=\"_blank\" rel=\"noopener\">danseur embl\u00e9matique du programme<\/a>, pr\u00e9sent depuis plusieurs saisons et tr\u00e8s appr\u00e9ci\u00e9 du public.\u00a0Adrien Caby et Jordan Mouillerac se trouvaient derri\u00e8re les deux autres masques. Avec son partenaire, elle se lancera dans l&rsquo;aventure le 23 janvier prochain et tentera de d\u00e9fendre sa place face \u00e0 Julien Lieb, Emma, St\u00e9phane Bern, <a href=\"https:\/\/vsd.fr\/tag\/angelique-angarni-filopon\/\" target=\"_blank\" rel=\"noopener\">Ang\u00e9lique Angarni-Filopon<\/a>, ou encore Laure Manaudou.<\/p>\n<p>Une annonce intervenue au cours d\u2019une soir\u00e9e d\u00e9j\u00e0 dense, marqu\u00e9e par la \u00ab\u00a0battle du Top 3\u00a0\u00bb opposant L\u00e9a, Ambre et Bastiaan. Le trio avait ouvert le prime en reprenant <strong>Roar<\/strong> de <a href=\"https:\/\/www.public.fr\/tag\/katy-perry\" target=\"_blank\" rel=\"noopener\">Katy Perry<\/a>, avant que chacun ne tente de convaincre le corps professoral \u00e0 travers des d\u00e9fis impos\u00e9s. L\u00e9a s\u2019est illustr\u00e9e par une performance vocale, Ambre par une prestation th\u00e9\u00e2trale, tandis que Bastiaan devait s\u00e9duire les professeurs gr\u00e2ce \u00e0 la danse.<\/p>\n<p><strong>Un prime rythm\u00e9 par des d\u00e9fis et des prestations marquantes<\/strong><\/p>\n<p>Au-del\u00e0 de cette annonce concernant Lucie Bernardoni, le prime du 10 janvier 2026 a \u00e9t\u00e9 d\u00e9terminant pour les candidats. Apr\u00e8s la reprise collective de <strong>Roar<\/strong>, Ambre a ouvert la \u00ab\u00a0battle du Top 3\u00a0\u00bb avec une prestation th\u00e9\u00e2trale sur Gigi <strong>l\u2019Amoroso<\/strong> de Dalida. L\u00e9a a ensuite r\u00e9alis\u00e9 l\u2019un de ses r\u00eaves en chantant aux c\u00f4t\u00e9s de M. Pokora sur <strong>Si on disait<\/strong>. Bastiaan a poursuivi avec une performance de danse sur <strong>Blinding Lights<\/strong> de The Weeknd.<\/p>\n<p>L\u00e9a a relev\u00e9 son d\u00e9fi de chant sur <strong>L\u2019amour est un oiseau rebelle <\/strong>de Carmen, avant que les trois candidats ne livrent une derni\u00e8re performance afin de compl\u00e9ter leur note finale. \u00c0 l\u2019issue de ces \u00e9valuations, L\u00e9a a obtenu la meilleure note globale, lui permettant d\u2019acc\u00e9der \u00e0 la demi-finale gr\u00e2ce \u00e0 une immunit\u00e9\u00a0<\/p>\n<p>Un retour dans les ann\u00e9es 2000 a eu lieu par la suite au cours du prime. N\u00e2diya a interpr\u00e9t\u00e9 <strong>Et c\u2019est parti <\/strong>avec Ambre, Zaho a partag\u00e9 la sc\u00e8ne avec Bastiaan et Sarah sur <strong>C\u2019est chelou<\/strong>, avant de reprendre Je te promets avec Ambre. Sheryfa Luna a \u00e9galement particip\u00e9 \u00e0 la soir\u00e9e en interpr\u00e9tant<strong> Il avait les mots<\/strong> avec Anouk et Victor.<\/p>\n<p>Enfin, Sarah a pr\u00e9sent\u00e9 sa \u00ab\u00a0carte blanche\u00a0\u00bb sur <strong>Where is my husband<\/strong> de Raye, concluant un prime dense et rythm\u00e9. Une soir\u00e9e durant laquelle la comp\u00e9tition s\u2019est jou\u00e9e autant sur sc\u00e8ne que dans les annonces, avec la r\u00e9v\u00e9lation du duo form\u00e9 par Lucie Bernardoni et Christophe Licata comme moment fort de la soir\u00e9e.<\/p>\n<p>\n          Hits &amp; People en continu\n        <\/p>\n<p>\n          Public Radio\n        <\/p>\n<p>      Mentionn\u00e9s dans cet article<\/p>\n<p>      Sur le m\u00eame sujet<\/p>\n","protected":false},"excerpt":{"rendered":"Lucie Bernardoni sait avec quel partenaire elle va danser dans la prochaine saison de Danse avec les stars.&hellip;\n","protected":false},"author":2,"featured_media":655252,"comment_status":"","ping_status":"","sticky":false,"template":"","format":"standard","meta":{"footnotes":""},"categories":[1356],"tags":[14655,194,58,59,1011,27,9052,5095,252,199,1364],"class_list":{"0":"post-655251","1":"post","2":"type-post","3":"status-publish","4":"format-standard","5":"has-post-thumbnail","7":"category-television","8":"tag-christophe-licata","9":"tag-danse-avec-les-stars","10":"tag-divertissement","11":"tag-entertainment","12":"tag-fr","13":"tag-france","14":"tag-lucie-bernardoni","15":"tag-star-academy","16":"tag-television","17":"tag-tf1","18":"tag-tv"},"share_on_mastodon":{"url":"https:\/\/pubeurope.com\/@fr\/115874129744915902","error":""},"_links":{"self":[{"href":"https:\/\/www.europesays.com\/fr\/wp-json\/wp\/v2\/posts\/655251","targetHints":{"allow":["GET"]}}],"collection":[{"href":"https:\/\/www.europesays.com\/fr\/wp-json\/wp\/v2\/posts"}],"about":[{"href":"https:\/\/www.europesays.com\/fr\/wp-json\/wp\/v2\/types\/post"}],"author":[{"embeddable":true,"href":"https:\/\/www.europesays.com\/fr\/wp-json\/wp\/v2\/users\/2"}],"replies":[{"embeddable":true,"href":"https:\/\/www.europesays.com\/fr\/wp-json\/wp\/v2\/comments?post=655251"}],"version-history":[{"count":0,"href":"https:\/\/www.europesays.com\/fr\/wp-json\/wp\/v2\/posts\/655251\/revisions"}],"wp:featuredmedia":[{"embeddable":true,"href":"https:\/\/www.europesays.com\/fr\/wp-json\/wp\/v2\/media\/655252"}],"wp:attachment":[{"href":"https:\/\/www.europesays.com\/fr\/wp-json\/wp\/v2\/media?parent=655251"}],"wp:term":[{"taxonomy":"category","embeddable":true,"href":"https:\/\/www.europesays.com\/fr\/wp-json\/wp\/v2\/categories?post=655251"},{"taxonomy":"post_tag","embeddable":true,"href":"https:\/\/www.europesays.com\/fr\/wp-json\/wp\/v2\/tags?post=655251"}],"curies":[{"name":"wp","href":"https:\/\/api.w.org\/{rel}","templated":true}]}}