{"id":655257,"date":"2026-01-11T02:36:18","date_gmt":"2026-01-11T02:36:18","guid":{"rendered":"https:\/\/www.europesays.com\/fr\/655257\/"},"modified":"2026-01-11T02:36:18","modified_gmt":"2026-01-11T02:36:18","slug":"juste-un-mal-de-gorge-voici-les-symptomes-que-trop-de-patients-ignorent-jusquau-drame","status":"publish","type":"post","link":"https:\/\/www.europesays.com\/fr\/655257\/","title":{"rendered":"\u00ab Juste un mal de gorge \u00bb ? Voici les sympt\u00f4mes que trop de patients ignorent jusqu\u2019au drame"},"content":{"rendered":"<p>Les tumeurs malignes qui se d\u00e9veloppent dans la r\u00e9gion cervico-faciale repr\u00e9sentent aujourd&rsquo;hui le cinqui\u00e8me type de <a href=\"https:\/\/www.futura-sciences.com\/sante\/questions-reponses\/cancer-cancers-pourriez-vous-avoir-savoir-voici-signes-vous-pourriez-ignorer-pendant-annees-21765\/\" title=\"Quels cancers pourriez-vous avoir sans le savoir ? Voici les signes que vous pourriez ignorer pendant des ann\u00e9es\" target=\"_blank\" rel=\"noopener\">cancer<\/a> le plus diagnostiqu\u00e9 dans l&rsquo;Hexagone. Cette pathologie englobe les l\u00e9sions des l\u00e8vres, de la cavit\u00e9 buccale, des fosses nasales, des glandes salivaires et de l&rsquo;ensemble du pharynx.<\/p>\n<p>Face \u00e0 une augmentation pr\u00e9occupante des diagnostics tardifs, notamment dans les Hauts-de-France, les sp\u00e9cialistes du <a href=\"https:\/\/www.centreoscarlambret.fr\/cancer-de-la-bouche\" title=\"Le centre Oscar Lambret\" target=\"_blank\" rel=\"noopener\">centre Oscar Lambret<\/a> ont lanc\u00e9 une vaste campagne de sensibilisation. Cette institution soigne annuellement pr\u00e8s de 700 nouveaux patients atteints de tumeurs cervico-faciales et r\u00e9alise plus de 2 200 hospitalisations dans ce domaine.<\/p>\n<p>Des manifestations trompeuses qui persistent<\/p>\n<p>La difficult\u00e9 majeure avec ces pathologies r\u00e9side dans leur pr\u00e9sentation clinique banale. Les personnes touch\u00e9es \u00e9prouvent des d\u00e9sagr\u00e9ments qui \u00e9voquent spontan\u00e9ment un refroidissement saisonnier ou une <a href=\"https:\/\/www.futura-sciences.com\/sante\/questions-reponses\/rhume-infections-virales-differences-grippe-rhume-10155\/\" title=\"Infections virales : quelles diff\u00e9rences entre grippe et rhume ?\" target=\"_blank\" rel=\"noopener\">infection virale<\/a> passag\u00e8re. Une <a href=\"https:\/\/www.futura-sciences.com\/sante\/definitions\/medecine-douleur-17039\/\" target=\"_blank\" rel=\"noopener\">douleur<\/a> dans la bouche, une g\u00eane dentaire inexpliqu\u00e9e ou un inconfort pharyng\u00e9 peuvent sembler sans <a href=\"https:\/\/www.futura-sciences.com\/sciences\/definitions\/physique-gravite-1014\/\" target=\"_blank\" rel=\"noopener\">gravit\u00e9<\/a>. La voix qui devient rauque, une difficult\u00e9 progressive lors de la d\u00e9glutition ou m\u00eame une simple sensation de corps \u00e9tranger dans le cou constituent pourtant des alertes s\u00e9rieuses.<\/p>\n<p>            <img decoding=\"async\" data-imgid=\"sm\" src=\"https:\/\/www.europesays.com\/fr\/wp-content\/uploads\/2026\/01\/banniere gorge.jpg\" width=\"320\" height=\"320\" alt=\"Le cancer de la gorge est appel\u00e9 en m\u00e9decine cancer des voies a\u00e9rodigestives sup\u00e9rieures. \u00a9 LUM3N,\u00a0Pixabay\" loading=\"lazy\"\/><\/p>\n<p>\n                Tags :<br \/>\n\tsante<\/p>\n<p><a href=\"https:\/\/www.futura-sciences.com\/sante\/questions-reponses\/cancer-gorge-cancer-gorge-sont-causes-symptomes-traitements-13567\/\" class=\"article-link\" target=\"_blank\" rel=\"noopener\"><\/p>\n<p>        Cancer de la gorge : quels sont les causes, sympt\u00f4mes et traitements\u2009?<\/p>\n<p><\/a><\/p>\n<p>        Lire l&rsquo;article <\/p>\n<p>Selon le docteur Maria Lesnik, chirurgienne \u00e0 l&rsquo;Institut Curie, ces manifestations touchent effectivement la plupart des Fran\u00e7ais plusieurs fois annuellement. La population les associe naturellement \u00e0 des pathologies respiratoires b\u00e9nignes. Les saignements minimes dans la <a href=\"https:\/\/www.futura-sciences.com\/sante\/definitions\/medecine-salive-9162\/\" target=\"_blank\" rel=\"noopener\">salive<\/a> ou quelques traces sanguines lors du brossage dentaire s&rsquo;ajoutent \u00e0 ces <a href=\"https:\/\/www.futura-sciences.com\/sante\/definitions\/medecine-symptome-834\/\" target=\"_blank\" rel=\"noopener\">sympt\u00f4mes<\/a> trompeurs.<\/p>\n<p class=\"fs-media\">\n<p><img decoding=\"async\" data-imgid=\"full\" src=\"https:\/\/www.europesays.com\/fr\/wp-content\/uploads\/2026\/01\/prevention-cancer-de-la-gorge.png\" width=\"1080\" height=\"720\" alt=\"\" loading=\"lazy\"\/><br \/>\n\u00a9 ATHVisions, iStock<\/p>\n<p>La r\u00e8gle temporelle \u00e0 retenir absolument<\/p>\n<p>Un crit\u00e8re de <a href=\"https:\/\/www.futura-sciences.com\/sciences\/definitions\/physique-duree-14966\/\" target=\"_blank\" rel=\"noopener\">dur\u00e9e<\/a> permet n\u00e9anmoins de distinguer les affections passag\u00e8res des situations n\u00e9cessitant une investigation approfondie. La docteure Sophie El Bedoui, coordinatrice du comit\u00e9 ORL au centre Oscar Lambret, insiste sur ce qu&rsquo;elle nomme la r\u00e8gle des \u00ab 1 pour 3 \u00bb. Lorsqu&rsquo;une seule de ces manifestations persiste au-del\u00e0 de trois semaines, une consultation m\u00e9dicale devient imp\u00e9rative.<\/p>\n<p>            <img decoding=\"async\" data-imgid=\"sm\" src=\"https:\/\/www.europesays.com\/fr\/wp-content\/uploads\/2026\/01\/banniere cancer langue.jpg\" width=\"320\" height=\"320\" alt=\"Les cancers buccaux touchent pr\u00e8s de 7000 Fran\u00e7ais par an. \u00a9 PublicDomainPictures,\u00a0Pixabay\u00a0\" loading=\"lazy\"\/><\/p>\n<p>\n                Tags :<br \/>\n\tsante<\/p>\n<p><a href=\"https:\/\/www.futura-sciences.com\/sante\/questions-reponses\/cancer-langue-sont-causes-symptomes-cancers-buccaux-13571\/\" class=\"article-link\" target=\"_blank\" rel=\"noopener\"><\/p>\n<p>        Quels sont les causes et sympt\u00f4mes des cancers buccaux\u2009?<\/p>\n<p><\/a><\/p>\n<p>        Lire l&rsquo;article <\/p>\n<p>Les manifestations qui doivent \u00e9veiller la vigilance comprennent :<\/p>\n<ul dir=\"ltr\">\n<li role=\"presentation\">Des douleurs buccopharyng\u00e9es ou dentaires inexpliqu\u00e9es.<\/li>\n<li role=\"presentation\">Une modification vocale ou un enrouement persistant.<\/li>\n<li role=\"presentation\">Une <a href=\"https:\/\/www.futura-sciences.com\/sante\/definitions\/medecine-dysphagie-12849\/\" target=\"_blank\" rel=\"noopener\">dysphagie<\/a> ou un simple inconfort lors de l&rsquo;alimentation.<\/li>\n<li role=\"presentation\">L&rsquo;apparition d&rsquo;une <a href=\"https:\/\/www.futura-sciences.com\/sciences\/definitions\/physique-masse-15213\/\" target=\"_blank\" rel=\"noopener\">masse<\/a> cervicale ou d&rsquo;une tum\u00e9faction.<\/li>\n<li role=\"presentation\">Des traces sanguines r\u00e9p\u00e9t\u00e9es dans la salive.<\/li>\n<\/ul>\n<p>Cette vigilance temporelle s&rsquo;av\u00e8re cruciale. Les <a href=\"https:\/\/www.futura-sciences.com\/sante\/questions-reponses\/cancer-cerveau-sont-symptomes-tumeur-cerveau-16745\/\" title=\"Quels sont les sympt\u00f4mes d\u2019une tumeur au cerveau ?\" target=\"_blank\" rel=\"noopener\">tumeurs<\/a> d\u00e9tect\u00e9es pr\u00e9cocement, lorsqu&rsquo;elles demeurent de petite taille et localis\u00e9es, offrent des perspectives th\u00e9rapeutiques nettement sup\u00e9rieures. Le <a href=\"https:\/\/www.futura-sciences.com\/sante\/definitions\/medecine-pronostic-2822\/\" target=\"_blank\" rel=\"noopener\">pronostic<\/a> d\u00e9pend directement de la <a href=\"https:\/\/www.futura-sciences.com\/sciences\/definitions\/physique-vitesse-324\/\" target=\"_blank\" rel=\"noopener\">rapidit\u00e9<\/a> du diagnostic.<\/p>\n<p>Les origines identifi\u00e9es de ces pathologies<\/p>\n<p>Trois quarts des cas trouvent leur origine dans la consommation conjointe de <a href=\"https:\/\/www.futura-sciences.com\/sante\/questions-reponses\/cancer-tabac-favorise-risque-cancer-pancreas-23195\/\" title=\"Pourquoi le tabac favorise le risque de cancer du pancr\u00e9as ?\" target=\"_blank\" rel=\"noopener\">tabac<\/a> et d&rsquo;<a href=\"https:\/\/www.futura-sciences.com\/sciences\/definitions\/chimie-alcool-640\/\" target=\"_blank\" rel=\"noopener\">alcool<\/a>. M\u00eame une exposition limit\u00e9e au tabagisme augmente significativement les risques. L&rsquo;association des deux substances multiplie par sept la probabilit\u00e9 de d\u00e9velopper une tumeur maligne des voies a\u00e9rodigestives sup\u00e9rieures. Cette <a href=\"https:\/\/www.futura-sciences.com\/planete\/definitions\/zoologie-synergie-9493\/\" target=\"_blank\" rel=\"noopener\">synergie<\/a> toxique explique la <a href=\"https:\/\/www.futura-sciences.com\/sante\/definitions\/medecine-prevalence-2818\/\" target=\"_blank\" rel=\"noopener\">pr\u00e9valence<\/a> \u00e9lev\u00e9e observ\u00e9e dans certaines populations.<\/p>\n<p>Le <a href=\"https:\/\/www.futura-sciences.com\/sante\/questions-reponses\/virus-sont-symptomes-papillomavirus-22392\/\" title=\"Quels sont les sympt\u00f4mes du papillomavirus\u00a0?\" target=\"_blank\" rel=\"noopener\">papillomavirus humain<\/a> repr\u00e9sente d\u00e9sormais une cause \u00e9mergente, particuli\u00e8rement pour les atteintes amygdaliennes et linguales post\u00e9rieures. L&rsquo;exposition professionnelle prolong\u00e9e aux poussi\u00e8res industrielles et aux vapeurs toxiques constitue \u00e9galement un facteur reconnu. Ces \u00e9l\u00e9ments permettent d&rsquo;identifier les personnes particuli\u00e8rement vuln\u00e9rables n\u00e9cessitant une surveillance accrue.<\/p>\n<p>La d\u00e9tection pr\u00e9coce demeure l&rsquo;arme la plus efficace contre ces pathologies potentiellement graves.<\/p>\n","protected":false},"excerpt":{"rendered":"Les tumeurs malignes qui se d\u00e9veloppent dans la r\u00e9gion cervico-faciale repr\u00e9sentent aujourd&rsquo;hui le cinqui\u00e8me type de cancer le&hellip;\n","protected":false},"author":2,"featured_media":655258,"comment_status":"","ping_status":"","sticky":false,"template":"","format":"standard","meta":{"footnotes":""},"categories":[10],"tags":[5702,75812,42440,75801,30896,30895,75802,75805,75814,75807,75808,14754,75804,75810,1011,27,75809,72,278,75811,75800,65722,71,29765,6582,75806,75803,75813],"class_list":{"0":"post-655257","1":"post","2":"type-post","3":"status-publish","4":"format-standard","5":"has-post-thumbnail","7":"category-sante","8":"tag-alcool","9":"tag-amygdale","10":"tag-cancer-de-la-bouche","11":"tag-cancer-de-la-gorge","12":"tag-cancer-de-la-langue","13":"tag-cancer-de-la-tete","14":"tag-cancer-du-pharynx","15":"tag-cancers-bucco-pharynges","16":"tag-cancers-orl","17":"tag-deglutition","18":"tag-deglutition-douloureuse","19":"tag-depistage","20":"tag-detection-de-tumeurs","21":"tag-douleurs-dentaires","22":"tag-fr","23":"tag-france","24":"tag-gene-a-la-deglutition","25":"tag-health","26":"tag-les-tendances","27":"tag-papillomavirus-humain","28":"tag-prevention-des-cancers","29":"tag-salive","30":"tag-sante","31":"tag-symptomes","32":"tag-tabac","33":"tag-tumeur-cervico-faciale","34":"tag-tumeurs","35":"tag-vapeurs-toxiques"},"share_on_mastodon":{"url":"","error":"Validation failed: Text character limit of 500 exceeded"},"_links":{"self":[{"href":"https:\/\/www.europesays.com\/fr\/wp-json\/wp\/v2\/posts\/655257","targetHints":{"allow":["GET"]}}],"collection":[{"href":"https:\/\/www.europesays.com\/fr\/wp-json\/wp\/v2\/posts"}],"about":[{"href":"https:\/\/www.europesays.com\/fr\/wp-json\/wp\/v2\/types\/post"}],"author":[{"embeddable":true,"href":"https:\/\/www.europesays.com\/fr\/wp-json\/wp\/v2\/users\/2"}],"replies":[{"embeddable":true,"href":"https:\/\/www.europesays.com\/fr\/wp-json\/wp\/v2\/comments?post=655257"}],"version-history":[{"count":0,"href":"https:\/\/www.europesays.com\/fr\/wp-json\/wp\/v2\/posts\/655257\/revisions"}],"wp:featuredmedia":[{"embeddable":true,"href":"https:\/\/www.europesays.com\/fr\/wp-json\/wp\/v2\/media\/655258"}],"wp:attachment":[{"href":"https:\/\/www.europesays.com\/fr\/wp-json\/wp\/v2\/media?parent=655257"}],"wp:term":[{"taxonomy":"category","embeddable":true,"href":"https:\/\/www.europesays.com\/fr\/wp-json\/wp\/v2\/categories?post=655257"},{"taxonomy":"post_tag","embeddable":true,"href":"https:\/\/www.europesays.com\/fr\/wp-json\/wp\/v2\/tags?post=655257"}],"curies":[{"name":"wp","href":"https:\/\/api.w.org\/{rel}","templated":true}]}}