{"id":655269,"date":"2026-01-11T02:42:25","date_gmt":"2026-01-11T02:42:25","guid":{"rendered":"https:\/\/www.europesays.com\/fr\/655269\/"},"modified":"2026-01-11T02:42:25","modified_gmt":"2026-01-11T02:42:25","slug":"le-calvaire-de-locataires-sans-chauffage-depuis-un-mois","status":"publish","type":"post","link":"https:\/\/www.europesays.com\/fr\/655269\/","title":{"rendered":"le calvaire de locataires sans chauffage depuis un mois"},"content":{"rendered":"<p class=\"article__intro\">Dans le 20\u00e8me arrondissement de Paris, des locataires qui habitent une r\u00e9sidence g\u00e9r\u00e9e par Paris Habitat sont sans chauffage et sans eau chaude depuis d\u00e9but d\u00e9cembre. Une situation difficile \u00e0 g\u00e9rer durant la p\u00e8riode hivernale.<\/p>\n<p>\n      La Quotidienne Soci\u00e9t\u00e9\n    <\/p>\n<p>\n      De la vie quotidienne aux grands enjeux, recevez tous les jours les sujets qui font la soci\u00e9t\u00e9 locale, comme la justice, l\u2019\u00e9ducation, la sant\u00e9 et la famille.\n    <\/p>\n<p>    France T\u00e9l\u00e9visions utilise votre adresse e-mail afin de vous envoyer la newsletter \u00ab\u00a0La Quotidienne Soci\u00e9t\u00e9\u00a0\u00bb. Vous pouvez vous d\u00e9sinscrire \u00e0 tout moment via le lien en bas de cette newsletter. <a target=\"_blank\" href=\"https:\/\/www.francetelevisions.fr\/groupe\/confidentialite\/politique-de-confidentialite\/politique-de-confidentialite-de-france-televisions-6503\" rel=\"noopener\">Notre politique de confidentialit\u00e9<\/a><\/p>\n<p>\u00ab\u00a0Les temp\u00e9ratures chez moi peuvent aller de 15 \u00e0 18 degr\u00e9s. Le soir, il\u00a0 fait tr\u00e8s froid et le matin il y a des courants d&rsquo;air qui passent au niveau du couloir\u00a0\u00bb. Wahiba Hallil Bellah accuse le coup. Elle habite dans une r\u00e9sidence du 20\u00e8me arrondissement dans laquelle 2 chaudi\u00e8res sur 3 sont en panne.<\/p>\n<p>R\u00e9sultat : pas de chauffage ni d&rsquo;eau chaude depuis d\u00e9but d\u00e9cembre pour 295 locataires. \u00ab\u00a0Toute la famille a froid\u00a0\u00bb, note Wahiba qui est \u00e9galement \u00e9lue SE d&rsquo;opposition \u00e0 la mairie de l&rsquo;arrondissement. Depuis le 3 d\u00e9cembre, elle utilise un radiateur \u00e9lectrique \u00a0d&rsquo;appoint tr\u00e8s \u00e9nergivore install\u00e9 dans son couloir. \u00ab\u00a0On laisse les portes ouvertes et la chaleur se diffuse. Cela chauffe bien mais consomme beaucoup en \u00e9lectricit\u00e9\u00a0\u00bb.<\/p>\n<p>La panne des deux chaudi\u00e8res est incompr\u00e9hensible pour le bailleur social Paris Habitat. Et pour cause, les trois ont \u00e9t\u00e9 remplac\u00e9es en 2022 pour plus de 500 000 euros. Pour les locataires, le calvaire devrait prendre fin en d\u00e9but de semaine prochaine. \u00ab\u00a0Le prestataire interviendra \u00e0 partir de lundi pour remplacer au moins une chaudi\u00e8re\u00a0\u00bb, note Christophe Dujardin qui est \u00e0 la t\u00eate de la direction territoriale Est de Paris Habitat.<\/p>\n<p>\u00ab\u00a0On esp\u00e8re que les deux puissent \u00eatre r\u00e9parer mais on attend confirmation\u00a0\u00bb, poursuit-il. En attendant, des convecteurs sont \u00e0 la disposition des locataires. Paris Habitat promet de prendre en charge la surconsomation \u00e9lectrique li\u00e9e aux radiateurs d&rsquo;appoint. \u00a0\u00a0\u00a0\u00a0\u00a0\u00a0\u00a0\u00a0\u00a0\u00a0\u00a0\u00a0\u00a0\u00a0\u00a0\u00a0\u00a0\u00a0\u00a0\u00a0\u00a0\u00a0\u00a0\u00a0\u00a0\u00a0\u00a0\u00a0\u00a0\u00a0\u00a0\u00a0\u00a0\u00a0\u00a0\u00a0\u00a0<\/p>\n","protected":false},"excerpt":{"rendered":"Dans le 20\u00e8me arrondissement de Paris, des locataires qui habitent une r\u00e9sidence g\u00e9r\u00e9e par Paris Habitat sont sans&hellip;\n","protected":false},"author":2,"featured_media":655270,"comment_status":"","ping_status":"","sticky":false,"template":"","format":"standard","meta":{"footnotes":""},"categories":[4],"tags":[11,1011,27,12,25],"class_list":{"0":"post-655269","1":"post","2":"type-post","3":"status-publish","4":"format-standard","5":"has-post-thumbnail","7":"category-france","8":"tag-actualites","9":"tag-fr","10":"tag-france","11":"tag-news","12":"tag-republique-francaise"},"share_on_mastodon":{"url":"https:\/\/pubeurope.com\/@fr\/115874165361476977","error":""},"_links":{"self":[{"href":"https:\/\/www.europesays.com\/fr\/wp-json\/wp\/v2\/posts\/655269","targetHints":{"allow":["GET"]}}],"collection":[{"href":"https:\/\/www.europesays.com\/fr\/wp-json\/wp\/v2\/posts"}],"about":[{"href":"https:\/\/www.europesays.com\/fr\/wp-json\/wp\/v2\/types\/post"}],"author":[{"embeddable":true,"href":"https:\/\/www.europesays.com\/fr\/wp-json\/wp\/v2\/users\/2"}],"replies":[{"embeddable":true,"href":"https:\/\/www.europesays.com\/fr\/wp-json\/wp\/v2\/comments?post=655269"}],"version-history":[{"count":0,"href":"https:\/\/www.europesays.com\/fr\/wp-json\/wp\/v2\/posts\/655269\/revisions"}],"wp:featuredmedia":[{"embeddable":true,"href":"https:\/\/www.europesays.com\/fr\/wp-json\/wp\/v2\/media\/655270"}],"wp:attachment":[{"href":"https:\/\/www.europesays.com\/fr\/wp-json\/wp\/v2\/media?parent=655269"}],"wp:term":[{"taxonomy":"category","embeddable":true,"href":"https:\/\/www.europesays.com\/fr\/wp-json\/wp\/v2\/categories?post=655269"},{"taxonomy":"post_tag","embeddable":true,"href":"https:\/\/www.europesays.com\/fr\/wp-json\/wp\/v2\/tags?post=655269"}],"curies":[{"name":"wp","href":"https:\/\/api.w.org\/{rel}","templated":true}]}}