{"id":655273,"date":"2026-01-11T02:44:47","date_gmt":"2026-01-11T02:44:47","guid":{"rendered":"https:\/\/www.europesays.com\/fr\/655273\/"},"modified":"2026-01-11T02:44:47","modified_gmt":"2026-01-11T02:44:47","slug":"quatre-adolescents-entrent-la-nuit-dans-le-cinema-le-melies-saint-francois-pour-voler-34-euros","status":"publish","type":"post","link":"https:\/\/www.europesays.com\/fr\/655273\/","title":{"rendered":"Quatre adolescents entrent la nuit dans le cin\u00e9ma Le M\u00e9lies Saint-Fran\u00e7ois&#8230;pour voler 34 euros"},"content":{"rendered":"\n<p>Ce lundi 5 janvier, dans la soir\u00e9e, un voisin du cin\u00e9ma Le M\u00e9li\u00e8s Saint-Fran\u00e7ois a alert\u00e9 la police apr\u00e8s avoir remarqu\u00e9 4 jeunes de 14 \u00e0 16 ans fracturer une porte dans un b\u00e2timent donnant directement sur le cin\u00e9ma st\u00e9phanois. Avec une description pr\u00e9cise des jeunes voleurs, la brigade sp\u00e9cialis\u00e9e terrain est parvenu \u00e0 les arr\u00eater alors qu\u2019ils tentaient de se cacher sous un porche. Sur eux, la police a d\u00e9couvert un faible butin : une bo\u00eete en verre du M\u00e9li\u00e8s et 34 euros en esp\u00e8ces. Les quatre adolsecents vont \u00eatre convoqu\u00e9s devant le tribunal pour enfants.\u00a0<\/p>\n","protected":false},"excerpt":{"rendered":"Ce lundi 5 janvier, dans la soir\u00e9e, un voisin du cin\u00e9ma Le M\u00e9li\u00e8s Saint-Fran\u00e7ois a alert\u00e9 la police&hellip;\n","protected":false},"author":2,"featured_media":607447,"comment_status":"","ping_status":"","sticky":false,"template":"","format":"standard","meta":{"footnotes":""},"categories":[9653],"tags":[1111,11,2430,1174,70269,1777,674,6017,1011,27,3367,12,1072,25,4001,1175],"class_list":{"0":"post-655273","1":"post","2":"type-post","3":"status-publish","4":"format-standard","5":"has-post-thumbnail","7":"category-saint-etienne","8":"tag-actu","9":"tag-actualites","10":"tag-auvergne-rhone-alpes","11":"tag-cambriolage","12":"tag-effraction","13":"tag-eu","14":"tag-europe","15":"tag-fait-divers","16":"tag-fr","17":"tag-france","18":"tag-loire","19":"tag-news","20":"tag-police","21":"tag-republique-francaise","22":"tag-saint-etienne","23":"tag-vol"},"share_on_mastodon":{"url":"https:\/\/pubeurope.com\/@fr\/115874176838797583","error":""},"_links":{"self":[{"href":"https:\/\/www.europesays.com\/fr\/wp-json\/wp\/v2\/posts\/655273","targetHints":{"allow":["GET"]}}],"collection":[{"href":"https:\/\/www.europesays.com\/fr\/wp-json\/wp\/v2\/posts"}],"about":[{"href":"https:\/\/www.europesays.com\/fr\/wp-json\/wp\/v2\/types\/post"}],"author":[{"embeddable":true,"href":"https:\/\/www.europesays.com\/fr\/wp-json\/wp\/v2\/users\/2"}],"replies":[{"embeddable":true,"href":"https:\/\/www.europesays.com\/fr\/wp-json\/wp\/v2\/comments?post=655273"}],"version-history":[{"count":0,"href":"https:\/\/www.europesays.com\/fr\/wp-json\/wp\/v2\/posts\/655273\/revisions"}],"wp:featuredmedia":[{"embeddable":true,"href":"https:\/\/www.europesays.com\/fr\/wp-json\/wp\/v2\/media\/607447"}],"wp:attachment":[{"href":"https:\/\/www.europesays.com\/fr\/wp-json\/wp\/v2\/media?parent=655273"}],"wp:term":[{"taxonomy":"category","embeddable":true,"href":"https:\/\/www.europesays.com\/fr\/wp-json\/wp\/v2\/categories?post=655273"},{"taxonomy":"post_tag","embeddable":true,"href":"https:\/\/www.europesays.com\/fr\/wp-json\/wp\/v2\/tags?post=655273"}],"curies":[{"name":"wp","href":"https:\/\/api.w.org\/{rel}","templated":true}]}}