{"id":655284,"date":"2026-01-11T02:53:51","date_gmt":"2026-01-11T02:53:51","guid":{"rendered":"https:\/\/www.europesays.com\/fr\/655284\/"},"modified":"2026-01-11T02:53:51","modified_gmt":"2026-01-11T02:53:51","slug":"avec-la-neige-et-maintenant-le-vent-je-naurai-travaille-quun-jour-cette-semaine","status":"publish","type":"post","link":"https:\/\/www.europesays.com\/fr\/655284\/","title":{"rendered":"avec la neige et maintenant le vent, je n&rsquo;aurai travaill\u00e9 qu&rsquo;un jour cette semaine"},"content":{"rendered":"<p class=\"article__intro\">Apr\u00e8s l&rsquo;annonce pr\u00e9fectorale de la fermeture des \u00e9coles en Seine-Maritime et dans la Manche en raison du passage de la temp\u00eate Goretti attendue jeudi 8 janvier 2026 dans la soir\u00e9e, les familles ont d\u00fb s&rsquo;organiser en urgence. \u00c0 Rouen, devant l&rsquo;\u00e9cole Pouchet, sous la pluie, les jeunes \u00e9l\u00e8ves d\u00e9couvrent le programme inattendu de leur fin de semaine.<\/p>\n<p>\n      La Quotidienne Soci\u00e9t\u00e9\n    <\/p>\n<p>\n      De la vie quotidienne aux grands enjeux, recevez tous les jours les sujets qui font la soci\u00e9t\u00e9 locale, comme la justice, l\u2019\u00e9ducation, la sant\u00e9 et la famille.\n    <\/p>\n<p>    France T\u00e9l\u00e9visions utilise votre adresse e-mail afin de vous envoyer la newsletter \u00ab\u00a0La Quotidienne Soci\u00e9t\u00e9\u00a0\u00bb. Vous pouvez vous d\u00e9sinscrire \u00e0 tout moment via le lien en bas de cette newsletter. <a target=\"_blank\" href=\"https:\/\/www.francetelevisions.fr\/groupe\/confidentialite\/politique-de-confidentialite\/politique-de-confidentialite-de-france-televisions-6503\" rel=\"noopener\">Notre politique de confidentialit\u00e9<\/a><\/p>\n<p>Il est 16h30 devant l&rsquo;\u00e9cole Pouchet en plein centre-ville de Rouen (Seine-Maritime). Un petit gar\u00e7on quitte l&rsquo;\u00e9cole en tenant la main de son p\u00e8re. Il \u00e9nonce tout guilleret \u00a0\u00bb J&rsquo;ai pas \u00e9cole ce soir, j&rsquo;ai pas \u00e9cole demain !\u00a0\u00bb<\/p>\n<p>Les vacances de No\u00ebl viennent \u00e0 peine de se terminer que le voil\u00e0 d\u00e9j\u00e0 en week-end prolong\u00e9. Autour d&rsquo;eux les parents sortent les parapluies : quelques gouttes commencent \u00e0 tomber comme un avant-go\u00fbt de la m\u00e9t\u00e9o annonc\u00e9e pour le lendemain.<\/p>\n<blockquote class=\"twitter-tweet\">\n<p dir=\"ltr\" lang=\"fr\">En raison des conditions m\u00e9t\u00e9orologiques exceptionnelles pr\u00e9vues, l&rsquo;ensemble des \u00e9coles, coll\u00e8ges et lyc\u00e9es des d\u00e9partements de la Manche et de la Seine-Maritime seront ferm\u00e9s ce vendredi 9 janvier 2026. \u2b07\ufe0f <a href=\"https:\/\/t.co\/mPBjteolw7\">pic.twitter.com\/mPBjteolw7<\/a><\/p>\n<p>\u2014 Acad\u00e9mie de Normandie (@ac_normandie) <a href=\"https:\/\/twitter.com\/ac_normandie\/status\/2009285522426913174?ref_src=twsrc%5Etfw\" target=\"_blank\" rel=\"noopener\">January 8, 2026<\/a><\/p><\/blockquote>\n<p>Mathieu, 48 ans, commercial sans emploi depuis peu, vient chercher sa fille de 8 ans. \u00ab\u00a0C&rsquo;est moi qui la garderai demain. Mon \u00e9pouse, elle, sera au travail.\u00a0\u00bb<\/p>\n<p>Le quadrag\u00e9naire s&rsquo;\u00e9tonne tout de m\u00eame de cette d\u00e9cision. \u00ab\u00a0Quand j&rsquo;\u00e9tais gamin, qu&rsquo;il pleuve ou qu&rsquo;il vente on allait \u00e0 l&rsquo;\u00e9cole.\u00a0\u00bb Mais il fait confiance aux pr\u00e9visions de M\u00e9t\u00e9o France. Le programme est d\u00e9j\u00e0 cal\u00e9. \u00ab\u00a0Exercices le matin, puis on fait \u00e0 manger, on se repose l&rsquo;apr\u00e8s-midi. Ils auront un grand week-end.\u00a0\u00bb<\/p>\n<p>Pour Marie, en revanche, l&rsquo;organisation va \u00eatre plus contrainte. Pas de papy, mamy ou d&rsquo;amis \u00e0 solliciter pour garder sa fille. \u00ab\u00a0J&rsquo;ai d\u00fb poser un jour de cong\u00e9.\u00a0\u00bb<\/p>\n<p>Sous un parapluie, Jean-Paul retrait\u00e9 attend lui aussi devant l&rsquo;\u00e9cole. Pour le lendemain, aucun souci. Il sera disponible. Il a m\u00eame propos\u00e9 \u00e0 sa voisine Karine de garder sa fille. Elle n&rsquo;en aura pas besoin. \u00ab\u00a0Son p\u00e8re est professeur,\u00a0\u00bb explique-t-elle. \u00ab\u00a0Avec la fermeture des \u00e9tablissements, il ne travaille pas demain.\u00a0\u00bb<\/p>\n<p>Pour Ivan, travailleur ind\u00e9pendant, la semaine avait d\u00e9j\u00e0 mal commenc\u00e9. La temp\u00eate ne l&rsquo;aidera pas \u00e0 bien la clore. \u00ab\u00a0Avec la neige et maintenant le vent et la pluie, je n&rsquo;aurai r\u00e9ussi qu&rsquo;\u00e0 travailler un seul jour cette semaine.\u00a0\u00bb Demain, il gardera sa fille. Comme beaucoup il a appris la fermeture de l&rsquo;\u00e9cole via l&rsquo;application de l&rsquo;\u00e9tablissement en d\u00e9but d&rsquo;apr\u00e8s-midi.<\/p>\n<p>Une semaine d\u00e9cid\u00e9ment rythm\u00e9e par les alertes m\u00e9t\u00e9o, plus que par les contraintes du travail scolaire ou pas.<\/p>\n<p>  <script async src=\"https:\/\/platform.twitter.com\/widgets.js\" charset=\"utf-8\"><\/script><\/p>\n","protected":false},"excerpt":{"rendered":"Apr\u00e8s l&rsquo;annonce pr\u00e9fectorale de la fermeture des \u00e9coles en Seine-Maritime et dans la Manche en raison du passage&hellip;\n","protected":false},"author":2,"featured_media":655285,"comment_status":"","ping_status":"","sticky":false,"template":"","format":"standard","meta":{"footnotes":""},"categories":[9587],"tags":[1111,11,1777,674,1011,27,12,5161,25,9590],"class_list":{"0":"post-655284","1":"post","2":"type-post","3":"status-publish","4":"format-standard","5":"has-post-thumbnail","7":"category-rouen","8":"tag-actu","9":"tag-actualites","10":"tag-eu","11":"tag-europe","12":"tag-fr","13":"tag-france","14":"tag-news","15":"tag-normandie","16":"tag-republique-francaise","17":"tag-rouen"},"share_on_mastodon":{"url":"https:\/\/pubeurope.com\/@fr\/115874212232319783","error":""},"_links":{"self":[{"href":"https:\/\/www.europesays.com\/fr\/wp-json\/wp\/v2\/posts\/655284","targetHints":{"allow":["GET"]}}],"collection":[{"href":"https:\/\/www.europesays.com\/fr\/wp-json\/wp\/v2\/posts"}],"about":[{"href":"https:\/\/www.europesays.com\/fr\/wp-json\/wp\/v2\/types\/post"}],"author":[{"embeddable":true,"href":"https:\/\/www.europesays.com\/fr\/wp-json\/wp\/v2\/users\/2"}],"replies":[{"embeddable":true,"href":"https:\/\/www.europesays.com\/fr\/wp-json\/wp\/v2\/comments?post=655284"}],"version-history":[{"count":0,"href":"https:\/\/www.europesays.com\/fr\/wp-json\/wp\/v2\/posts\/655284\/revisions"}],"wp:featuredmedia":[{"embeddable":true,"href":"https:\/\/www.europesays.com\/fr\/wp-json\/wp\/v2\/media\/655285"}],"wp:attachment":[{"href":"https:\/\/www.europesays.com\/fr\/wp-json\/wp\/v2\/media?parent=655284"}],"wp:term":[{"taxonomy":"category","embeddable":true,"href":"https:\/\/www.europesays.com\/fr\/wp-json\/wp\/v2\/categories?post=655284"},{"taxonomy":"post_tag","embeddable":true,"href":"https:\/\/www.europesays.com\/fr\/wp-json\/wp\/v2\/tags?post=655284"}],"curies":[{"name":"wp","href":"https:\/\/api.w.org\/{rel}","templated":true}]}}