{"id":65529,"date":"2025-04-30T23:20:13","date_gmt":"2025-04-30T23:20:13","guid":{"rendered":"https:\/\/www.europesays.com\/fr\/65529\/"},"modified":"2025-04-30T23:20:13","modified_gmt":"2025-04-30T23:20:13","slug":"girondins-de-bordeaux-en-n2-on-pouvait-sattendre-a-des-resultats-cest-juste-factuel","status":"publish","type":"post","link":"https:\/\/www.europesays.com\/fr\/65529\/","title":{"rendered":"Girondins de Bordeaux en N2 : &lsquo;On pouvait s\u2019attendre \u00e0 des r\u00e9sultats, c\u2019est juste factuel\u00a0\u00bb"},"content":{"rendered":"<p><img decoding=\"async\" src=\"https:\/\/www.europesays.com\/fr\/wp-content\/uploads\/2025\/04\/671_36cddd68a42428c0419fb2dff7ae22fc.jpg\" alt=\"Girondins de Bordeaux en N2 : 'On pouvait s\u2019attendre \u00e0 des r\u00e9sultats, c\u2019est juste factuel&quot;\" class=\"img-responsive mt-3\"\/><\/p>\n<p class=\"text-center mb-3\" style=\"font-size: 14px\">\u00a9 Iconsport<\/p>\n<p style=\"text-align: justify;\">\u00c9coutez ses propos ou lisez-les :<\/p>\n<p>\u00a0<\/p>\n<p><strong>\u201cOn est tellement fiers qu\u2019on n\u2019apprend pas de nos erreurs\u201d<\/strong><\/p>\n<p style=\"text-align: justify;\">Fr\u00e9d\u00e9ric Sieze dans le <a href=\"https:\/\/www.youtube.com\/watch?v=gWWHLkCDBLs&amp;t=1209s\" target=\"_blank\" rel=\"noopener\">D\u00e9brief \u00e0 Chaud sur WebGirondins<\/a> apr\u00e8s le match remport\u00e9 face \u00e0 La Roche VF : \u201cPourquoi s&rsquo;attendre \u00e0 finir premier ? J&rsquo;ai trois r\u00e9ponses. On est les seuls \u00e0 s&rsquo;entra\u00eener comme des pros. Il n&rsquo;y a aucun mec dans notre \u00e9quipe qui a un boulot \u00e0 c\u00f4t\u00e9. On a un coach qui a entra\u00een\u00e9 en Ligue 1 et en Ligue 2 (Bruno Irl\u00e8s), ce qui n&rsquo;est pas le cas de la plupart de nos adversaires. Il me semble que notre budget, c&rsquo;est presque celui de 6 ou 7 \u00e9quipes en face (la masse salariale du sportif est estim\u00e9e \u00e0 1,2\u00a0M\u20ac par Footamateur). Donc oui, on peut s&rsquo;attendre \u00e0 des r\u00e9sultats. Ce n&rsquo;est pas de l&rsquo;exigence, ce n&rsquo;est pas de l&rsquo;arrogance, mais c&rsquo;est juste factuel.\u00a0\u00bb<\/p>\n<p><strong>B\u00e2tir un vestiaire plus qu&rsquo;additionner les noms<\/strong><\/p>\n<p style=\"text-align: justify;\">\u00ab\u00a0Et si je peux rajouter quelque chose, c&rsquo;est qu&rsquo;en plus de \u00e7a, on est tellement fiers qu\u2019on n&rsquo;apprend pas de nos erreurs. Quand on est en Ligue 2, on d\u00e9marre avec une \u00e9quipe venant du centre de formation. On n&rsquo;est pas construit, et on r\u00e9ussit \u00e0 faire quelques r\u00e9sultats avec les jeunes. Puis, il y a d&rsquo;autres joueurs qui arrivent. Et puis d&rsquo;un coup, les Delaurier-Chaubet et les autres gamins, on ne les voit plus.<\/p>\n<p style=\"text-align: justify;\">L\u00e0, en d\u00e9but de saison, si on prend la feuille du premier match, il me semble qu&rsquo;on avait Noah Ramon, J\u00e9r\u00e9my Grain, Nolan Bonte, Malik Seck et j&rsquo;en passe. Et ces joueurs-l\u00e0, ils ont d\u00e9marr\u00e9 dans un moment o\u00f9 tu ne sais pas si tu vas d\u00e9marrer ta saison parce que tu reportes tes deux premiers matchs. Mais tout d&rsquo;un coup d&rsquo;autres joueurs arrivent, et on ne les voit plus.<\/p>\n<p style=\"text-align: justify;\">Sauf qu&rsquo;humainement, dans une situation avec un groupe de gars qui te sauve et qui d\u00e9marre dans le bateau, peut-\u00eatre que, finalement, les clubs qui s&rsquo;en sortent le mieux sont ceux qui b\u00e2tissent avec ces joueurs qu&rsquo;on conna\u00eet un peu moins, mais qui fabriquent un vestiaire.\u201d<\/p>\n<p>&gt;&gt;\u00a0<strong><a href=\"https:\/\/www.webgirondins.com\/actualite-girondins-entretien-nisa-saveljic-il-faut-nettoyer-la-maison-girondins-de-bordeaux-128904\" target=\"_blank\" rel=\"noopener\">ENTRETIEN. Nisa Saveljic : \u00ab\u00a0Il faut nettoyer la maison Girondins de Bordeaux\u00a0\u00bb<\/a><\/strong><\/p>\n<p>\u00a0<\/p>\n","protected":false},"excerpt":{"rendered":"\u00a9 Iconsport \u00c9coutez ses propos ou lisez-les : \u00a0 \u201cOn est tellement fiers qu\u2019on n\u2019apprend pas de nos&hellip;\n","protected":false},"author":2,"featured_media":4371,"comment_status":"","ping_status":"","sticky":false,"template":"","format":"standard","meta":{"footnotes":""},"categories":[2817],"tags":[1111,11,1020,11351,1997,6950,6100,3721,10568,12111,1777,674,16526,1011,27,14143,1987,9037,3238,12,2219,5241,16525,25,1980,3242,4561,16527,1015,5238],"class_list":{"0":"post-65529","1":"post","2":"type-post","3":"status-publish","4":"format-standard","5":"has-post-thumbnail","7":"category-bordeaux","8":"tag-actu","9":"tag-actualites","10":"tag-analyse","11":"tag-attendre","12":"tag-bordeaux","13":"tag-bordelais","14":"tag-chaud","15":"tag-chroniqueur","16":"tag-concession","17":"tag-debrief","18":"tag-eu","19":"tag-europe","20":"tag-factuel","21":"tag-fr","22":"tag-france","23":"tag-frederic","24":"tag-girondins","25":"tag-juste","26":"tag-national","27":"tag-news","28":"tag-nouvelle-aquitaine","29":"tag-on","30":"tag-pouvait","31":"tag-republique-francaise","32":"tag-resultats","33":"tag-saison","34":"tag-sans","35":"tag-sieze","36":"tag-supporter","37":"tag-webgirondins"},"share_on_mastodon":{"url":"https:\/\/pubeurope.com\/@fr\/114429481760189299","error":""},"_links":{"self":[{"href":"https:\/\/www.europesays.com\/fr\/wp-json\/wp\/v2\/posts\/65529","targetHints":{"allow":["GET"]}}],"collection":[{"href":"https:\/\/www.europesays.com\/fr\/wp-json\/wp\/v2\/posts"}],"about":[{"href":"https:\/\/www.europesays.com\/fr\/wp-json\/wp\/v2\/types\/post"}],"author":[{"embeddable":true,"href":"https:\/\/www.europesays.com\/fr\/wp-json\/wp\/v2\/users\/2"}],"replies":[{"embeddable":true,"href":"https:\/\/www.europesays.com\/fr\/wp-json\/wp\/v2\/comments?post=65529"}],"version-history":[{"count":0,"href":"https:\/\/www.europesays.com\/fr\/wp-json\/wp\/v2\/posts\/65529\/revisions"}],"wp:featuredmedia":[{"embeddable":true,"href":"https:\/\/www.europesays.com\/fr\/wp-json\/wp\/v2\/media\/4371"}],"wp:attachment":[{"href":"https:\/\/www.europesays.com\/fr\/wp-json\/wp\/v2\/media?parent=65529"}],"wp:term":[{"taxonomy":"category","embeddable":true,"href":"https:\/\/www.europesays.com\/fr\/wp-json\/wp\/v2\/categories?post=65529"},{"taxonomy":"post_tag","embeddable":true,"href":"https:\/\/www.europesays.com\/fr\/wp-json\/wp\/v2\/tags?post=65529"}],"curies":[{"name":"wp","href":"https:\/\/api.w.org\/{rel}","templated":true}]}}