{"id":655332,"date":"2026-01-11T03:26:21","date_gmt":"2026-01-11T03:26:21","guid":{"rendered":"https:\/\/www.europesays.com\/fr\/655332\/"},"modified":"2026-01-11T03:26:21","modified_gmt":"2026-01-11T03:26:21","slug":"breves-deurope-eurolibertes-2","status":"publish","type":"post","link":"https:\/\/www.europesays.com\/fr\/655332\/","title":{"rendered":"Br\u00e8ves d\u2019Europe &#8211; Eurolibert\u00e9s"},"content":{"rendered":"<p><strong>Union europ\u00e9enne<\/strong>. \u00c0 l\u2019heure o\u00f9 2025 s\u2019ach\u00e8ve, le bilan \u00e9conomique de l\u2019Union europ\u00e9enne a de quoi inqui\u00e9ter. Selon les derni\u00e8res donn\u00e9es publi\u00e9es par\u00a0Eurostat, la croissance moyenne du produit int\u00e9rieur brut (PIB) de l\u2019Union europ\u00e9enne sur les trois premiers trimestres de 2025 atteint \u00e0 peine 1,48 %. La zone euro fait encore moins bien, avec une progression limit\u00e9e \u00e0 1,35 %.<\/p>\n<p>Parmi ces \u00e9conomies en difficult\u00e9 figurent deux poids lourds du continent : la France et l\u2019Allemagne. Une croissance inf\u00e9rieure \u00e0 2 % sur une longue p\u00e9riode est souvent associ\u00e9e \u00e0 des sympt\u00f4mes bien connus : ch\u00f4mage des jeunes \u00e9lev\u00e9, consommation priv\u00e9e atone, d\u00e9penses publiques hypertrophi\u00e9es et pression fiscale croissante.<\/p>\n<p>Mi-d\u00e9cembre, le Conseil de l\u2019Union europ\u00e9enne, \u00e0 l\u2019initiative du Quai d\u2019Orsay, a plac\u00e9 douze personnalit\u00e9s qualifi\u00e9es d\u2019\u00a0\u00ab\u00a0agents de la d\u00e9stabilisation russe en Europe\u00a0\u00bb. Parmi elles, Jacques Baud, ancien colonel du renseignement suisse et Xavier Moreau, ex-militaire fran\u00e7ais install\u00e9 \u00e0 Moscou et animateur du site Stratpol..<\/p>\n<p>\u00c0 en croire le Financial Tilmes, la r\u00e9mun\u00e9ration de Christine Lagarde, la pr\u00e9sident de la Banque centrale europ\u00e9enne serait nettement plus \u00e9lev\u00e9 qu\u2019annonc\u00e9 par la BCE qui est de 466 000\u20ac. Il faudrait y ajouter 135 000\u20ac pour son logement, et 125 000\u20ac comme administratrice de la Banque des r\u00e8glements internationaux.<\/p>\n<p><strong>Allemagne<\/strong>. Un sabotage a provoqu\u00e9 l\u2019effondrement de l\u2019alimentation \u00e9lectrique dans la zone sud-ouest de Berlin, samedi 4\/01. Un groupe d\u2019extr\u00eame gauche \u2013 Vulkangruppe \u2013 a revendiqu\u00e9 l\u2019incendie de plusieurs c\u00e2bles \u00e9lectriques \u00e0 haute tension. 30\u00a0000 foyers et 1\u00a0500 entreprises \u00e9taient toujours sans courant lundi 5\/01\u00a0;<\/p>\n<p><strong>Danemark<\/strong>. Exc\u00e8s num\u00e9rique. \u00c0 compter du 1er janvier 2026, l\u2019op\u00e9rateur public PostNord cessera d\u00e9finitivement la distribution du courrier traditionnel pour se concentrer exclusivement sur la livraison de colis.<\/p>\n<p>Alors que Trump continue de lorgner le Groenland, Copenhague poursuit ses intentions d\u2019achat de syst\u00e8mes d\u2019armes am\u00e9ricains pour un mon,tant de plus de 9 Mds d\u2019euros.<\/p>\n<p><strong>Ukraine<\/strong>. Le pre\u0301sident ukrainien, Volodymyr Zelensky, a annonce\u0301 la nomination de Kyrylo Boudanov, jusqu\u2019ici directeur du renseignement militaire (GUR), au poste strate\u0301gique de chef de l\u2019administration pre\u0301sidentielle. Zelensky affirme ainsi une ligne de fermete\u0301 et inscrit l\u2019Ukraine dans la perspective d\u2019une guerre prolonge\u0301e.<\/p>\n<p style=\"text-align: center;\" align=\"center\"><strong>EuroLibert\u00e9s\u00a0: toujours mieux vous r\u00e9-informer\u00a0\u2026 GR\u00c2CE \u00c0 VOUS\u00a0!<\/strong><\/p>\n<p style=\"text-align: center;\" align=\"center\"><strong>Ne financez pas le syst\u00e8me\u00a0! Financez\u00a0<\/strong><b>EuroLibert\u00e9s\u00a0<\/b><strong>!<\/strong><\/p>\n<p><b>EuroLibert\u00e9s<\/b><strong>\u00a0r\u00e9-informe parce qu\u2019EuroLibert\u00e9s est un m\u00e9dia qui ne d\u00e9pend ni du Syst\u00e8me, ni des banques, ni des lobbies et qui est d\u00e9gag\u00e9 de tout politiquement correct.<\/strong><\/p>\n<p><strong>Fort d\u2019une audience grandissante avec 60\u00a0000 visiteurs uniques par mois,\u00a0<\/strong><b>EuroLibert\u00e9s<\/b><strong>\u00a0est un acteur incontournable de dissection des politiques europ\u00e9ennes men\u00e9es dans les \u00c9tats europ\u00e9ens membres ou non de l\u2019Union europ\u00e9enne.<\/strong><\/p>\n<p><strong>Ne b\u00e9n\u00e9ficiant d\u2019aucune subvention, \u00e0 la diff\u00e9rence des m\u00e9dias du syst\u00e8me, et int\u00e9gralement anim\u00e9 par des b\u00e9n\u00e9voles,\u00a0<\/strong><b>EuroLibert\u00e9s<\/b><strong>\u00a0a n\u00e9anmoins un co\u00fbt qui englobe les frais de cr\u00e9ation et d\u2019administration du site, les mailings de promotion et enfin les d\u00e9placements indispensables pour la r\u00e9alisation d\u2019interviews.<\/strong><\/p>\n<p><strong>EuroLibert\u00e9s est un organe de presse d\u2019int\u00e9r\u00eat g\u00e9n\u00e9ral. Chaque don ouvre droit \u00e0\u00a0une d\u00e9duction fiscale \u00e0 hauteur de 66 %. \u00c0 titre d\u2019exemple, un don de 100 euros\u00a0offre une d\u00e9duction fiscale de 66 euros. Ainsi, votre don ne vous co\u00fbte en r\u00e9alit\u00e9 que\u00a034 euros.<\/strong><\/p>\n<p style=\"text-align: right;\" align=\"right\"><strong>Philippe Randa,<\/strong><b><br \/><strong>Directeur d\u2019EuroLibert\u00e9s.<\/strong><\/b><\/p>\n<p style=\"text-align: center;\" align=\"center\"><strong>Quatre solutions pour nous soutenir\u00a0:<\/strong><\/p>\n<p><strong>1\u00a0: Faire un don par paypal (paiement s\u00e9curis\u00e9 SSL)<\/strong><\/p>\n<p><strong>Sur le site EuroLibert\u00e9s (www.eurolibertes.com), en\u00a0cliquant, vous serez alors redirig\u00e9 vers le site de paiement en ligne PayPal. Transaction 100\u00a0% s\u00e9curis\u00e9e.\u2028\u00a0<\/strong><\/p>\n<p><strong>2\u00a0: Faire un don par ch\u00e8que bancaire \u00e0 l\u2019ordre d\u2019EuroLibert\u00e9s<\/strong><\/p>\n<p><strong>\u00e0 retourner \u00e0\u00a0: EuroLibert\u00e9s<\/strong><b><br \/><strong>BP 400 35 \u2013 94271 Le Kremlin-Bic\u00eatre cedex \u2013 France<\/strong><\/b><\/p>\n","protected":false},"excerpt":{"rendered":"Union europ\u00e9enne. \u00c0 l\u2019heure o\u00f9 2025 s\u2019ach\u00e8ve, le bilan \u00e9conomique de l\u2019Union europ\u00e9enne a de quoi inqui\u00e9ter. Selon&hellip;\n","protected":false},"author":2,"featured_media":655333,"comment_status":"","ping_status":"","sticky":false,"template":"","format":"standard","meta":{"footnotes":""},"categories":[1586],"tags":[11,672,34926,16573,145,75,1777,674,16035,75820,1011,27,146,75821,72891,75822,12,75823,75824,25,75825,220,364,134,75826],"class_list":{"0":"post-655332","1":"post","2":"type-post","3":"status-publish","4":"format-standard","5":"has-post-thumbnail","7":"category-europe","8":"tag-actualites","9":"tag-allemagne","10":"tag-conseil-de-lunion-europeenne","11":"tag-copenhague","12":"tag-danemark","13":"tag-donald-trump","14":"tag-eu","15":"tag-europe","16":"tag-eurostat","17":"tag-financial-tilmes","18":"tag-fr","19":"tag-france","20":"tag-groenland","21":"tag-gur","22":"tag-jacques-baud","23":"tag-kyrylo-boudanov","24":"tag-news","25":"tag-patrick-parment","26":"tag-postnord","27":"tag-republique-francaise","28":"tag-stratpol","29":"tag-ukraine","30":"tag-union-europeenne","31":"tag-volodymyr-zelensky","32":"tag-vulkangruppe"},"share_on_mastodon":{"url":"https:\/\/pubeurope.com\/@fr\/115874338150740271","error":""},"_links":{"self":[{"href":"https:\/\/www.europesays.com\/fr\/wp-json\/wp\/v2\/posts\/655332","targetHints":{"allow":["GET"]}}],"collection":[{"href":"https:\/\/www.europesays.com\/fr\/wp-json\/wp\/v2\/posts"}],"about":[{"href":"https:\/\/www.europesays.com\/fr\/wp-json\/wp\/v2\/types\/post"}],"author":[{"embeddable":true,"href":"https:\/\/www.europesays.com\/fr\/wp-json\/wp\/v2\/users\/2"}],"replies":[{"embeddable":true,"href":"https:\/\/www.europesays.com\/fr\/wp-json\/wp\/v2\/comments?post=655332"}],"version-history":[{"count":0,"href":"https:\/\/www.europesays.com\/fr\/wp-json\/wp\/v2\/posts\/655332\/revisions"}],"wp:featuredmedia":[{"embeddable":true,"href":"https:\/\/www.europesays.com\/fr\/wp-json\/wp\/v2\/media\/655333"}],"wp:attachment":[{"href":"https:\/\/www.europesays.com\/fr\/wp-json\/wp\/v2\/media?parent=655332"}],"wp:term":[{"taxonomy":"category","embeddable":true,"href":"https:\/\/www.europesays.com\/fr\/wp-json\/wp\/v2\/categories?post=655332"},{"taxonomy":"post_tag","embeddable":true,"href":"https:\/\/www.europesays.com\/fr\/wp-json\/wp\/v2\/tags?post=655332"}],"curies":[{"name":"wp","href":"https:\/\/api.w.org\/{rel}","templated":true}]}}