{"id":655340,"date":"2026-01-11T03:30:11","date_gmt":"2026-01-11T03:30:11","guid":{"rendered":"https:\/\/www.europesays.com\/fr\/655340\/"},"modified":"2026-01-11T03:30:11","modified_gmt":"2026-01-11T03:30:11","slug":"la-france-hausse-le-ton-contre-le-chantage-des-etats-unis","status":"publish","type":"post","link":"https:\/\/www.europesays.com\/fr\/655340\/","title":{"rendered":"La France hausse le ton contre le \u00ab\u00a0chantage\u00a0\u00bb des Etats-Unis"},"content":{"rendered":"<p><a href=\"https:\/\/www.20minutes.fr\/monde\/etats-unis\/4195321-20260110-etats-unis-maniere-douce-maniere-forte-trump-va-occuper-groenland\" target=\"_blank\" class=\"c-link c-link--is-underlined\" rel=\"noopener\">Les vis\u00e9es de Donald Trump sur le Groenland<\/a> ne sont pas du go\u00fbt de la France. Le ministre des Affaires \u00e9trang\u00e8res a tenu une nouvelle fois \u00e0 le marteler dans une interview diffus\u00e9e samedi par plusieurs m\u00e9dias europ\u00e9ens.<\/p>\n<p>Jean-No\u00ebl Barrot exhorte en effet les Etats-Unis \u00e0 \u00ab\u00a0cesser le chantage\u00a0\u00bb pour obtenir un contr\u00f4le direct <a href=\"https:\/\/www.20minutes.fr\/monde\/4194973-20260108-groenland-danemark-juste-ajoute-attelage-chiens-traineau-securiser-ile-comme-trump\" target=\"_blank\" class=\"c-link c-link--is-underlined\" rel=\"noopener\">sur le territoire sous juridiction du Danemark<\/a>.<\/p>\n<p>Un territoire \u00ab\u00a0sous la protection de l\u2019Otan\u00a0\u00bb<\/p>\n<p>Le chef de la diplomatie fran\u00e7aise affirme en outre \u00ab\u00a0ne pas croire\u00a0\u00bb \u00e0 une intervention militaire am\u00e9ricaine pour s\u2019emparer du Groenland, comme le pr\u00e9sident Donald Trump en a \u00e9voqu\u00e9 la possibilit\u00e9, ajoutant que \u00ab\u00a0rien ne saurait le justifier\u00a0\u00bb.<\/p>\n<\/p>\n<p>\u00ab\u00a0Le Groenland est un territoire europ\u00e9en, plac\u00e9 sous la protection de l\u2019Otan [\u2026] J\u2019ajoute que les Europ\u00e9ens disposent de moyens tr\u00e8s puissants pour d\u00e9fendre leurs int\u00e9r\u00eats. Ce chantage doit cesser\u00a0\u00bb, explique-t-il, dans cet entretien publi\u00e9 par Ouest-France et par les m\u00e9dias allemand Funke et polonais Gazeta Wyborcza.<\/p>\n<p>Donald Trump ne cesse pour sa part de faire monter la pression sur le sujet. Il l\u2019a encore fait vendredi, assurant que la Russie ou la Chine comptaient \u00ab\u00a0occuper le Groenland\u00a0\u00bb. \u00ab\u00a0C\u2019est ce qu\u2019ils vont faire, si on ne le fait pas. Donc on va faire quelque chose avec le Groenland, soit avec la mani\u00e8re douce, soit avec la mani\u00e8re forte\u00a0\u00bb, a assur\u00e9 le pr\u00e9sident am\u00e9ricain.<\/p>\n<p>Les Groenlandais ne veulent \u00ab\u00a0pas \u00eatre Am\u00e9ricains\u00a0\u00bb<\/p>\n<p>\u00ab\u00a0<a href=\"https:\/\/www.20minutes.fr\/monde\/4195324-20260110-groenland-voulons-etre-americains-partis-territoire-danois-repondent-menaces-trump\" target=\"_blank\" class=\"c-link c-link--is-underlined\" rel=\"noopener\">Nous ne voulons pas \u00eatre Am\u00e9ricains<\/a>, nous ne voulons pas \u00eatre Danois, nous voulons \u00eatre Groenlandais\u00a0\u00bb, ont r\u00e9pliqu\u00e9 les dirigeants des cinq partis groenlandais repr\u00e9sent\u00e9s au Parlement local dans une d\u00e9claration commune, estimant que \u00ab\u00a0l\u2019avenir du Groenland doit \u00eatre d\u00e9cid\u00e9 par le peuple groenlandais\u00a0\u00bb.<\/p>\n<p><a href=\"https:\/\/www.20minutes.fr\/dossier\/groenland\" target=\"_blank\" class=\"c-link c-btn c-btn--primary\" rel=\"noopener\">Notre dossier sur le Groenland<\/a><\/p>\n<p>Colonie danoise jusqu\u2019en\u00a01953, le Groenland, riche en ressources mini\u00e8res et devenu une route maritime strat\u00e9gique avec la fonte des glaces dans l\u2019Arctique, a gagn\u00e9 son autonomie 26 ans plus tard. Depuis\u00a01951, il existe un accord de d\u00e9fense entre les Etats-Unis et le Danemark et le Groenland qui donne quasiment carte blanche aux forces arm\u00e9es am\u00e9ricaines sur le territoire groenlandais, si elles pr\u00e9viennent en amont les autorit\u00e9s locales.<\/p>\n","protected":false},"excerpt":{"rendered":"Les vis\u00e9es de Donald Trump sur le Groenland ne sont pas du go\u00fbt de la France. Le ministre&hellip;\n","protected":false},"author":2,"featured_media":655341,"comment_status":"","ping_status":"","sticky":false,"template":"","format":"standard","meta":{"footnotes":""},"categories":[4],"tags":[47,11,145,312,75,73,1011,27,146,2121,74,12,136,25,555,133],"class_list":{"0":"post-655340","1":"post","2":"type-post","3":"status-publish","4":"format-standard","5":"has-post-thumbnail","7":"category-france","8":"tag-actualite","9":"tag-actualites","10":"tag-danemark","11":"tag-diplomatie","12":"tag-donald-trump","13":"tag-etats-unis","14":"tag-fr","15":"tag-france","16":"tag-groenland","17":"tag-jean-noel-barrot","18":"tag-monde","19":"tag-news","20":"tag-otan","21":"tag-republique-francaise","22":"tag-union-europeenne-ue","23":"tag-video"},"share_on_mastodon":{"url":"https:\/\/pubeurope.com\/@fr\/115874353786256529","error":""},"_links":{"self":[{"href":"https:\/\/www.europesays.com\/fr\/wp-json\/wp\/v2\/posts\/655340","targetHints":{"allow":["GET"]}}],"collection":[{"href":"https:\/\/www.europesays.com\/fr\/wp-json\/wp\/v2\/posts"}],"about":[{"href":"https:\/\/www.europesays.com\/fr\/wp-json\/wp\/v2\/types\/post"}],"author":[{"embeddable":true,"href":"https:\/\/www.europesays.com\/fr\/wp-json\/wp\/v2\/users\/2"}],"replies":[{"embeddable":true,"href":"https:\/\/www.europesays.com\/fr\/wp-json\/wp\/v2\/comments?post=655340"}],"version-history":[{"count":0,"href":"https:\/\/www.europesays.com\/fr\/wp-json\/wp\/v2\/posts\/655340\/revisions"}],"wp:featuredmedia":[{"embeddable":true,"href":"https:\/\/www.europesays.com\/fr\/wp-json\/wp\/v2\/media\/655341"}],"wp:attachment":[{"href":"https:\/\/www.europesays.com\/fr\/wp-json\/wp\/v2\/media?parent=655340"}],"wp:term":[{"taxonomy":"category","embeddable":true,"href":"https:\/\/www.europesays.com\/fr\/wp-json\/wp\/v2\/categories?post=655340"},{"taxonomy":"post_tag","embeddable":true,"href":"https:\/\/www.europesays.com\/fr\/wp-json\/wp\/v2\/tags?post=655340"}],"curies":[{"name":"wp","href":"https:\/\/api.w.org\/{rel}","templated":true}]}}