{"id":655354,"date":"2026-01-11T03:43:12","date_gmt":"2026-01-11T03:43:12","guid":{"rendered":"https:\/\/www.europesays.com\/fr\/655354\/"},"modified":"2026-01-11T03:43:12","modified_gmt":"2026-01-11T03:43:12","slug":"star-academy-2025-anouk-eliminee-a-lissue-dun-prime-de-haut-niveau","status":"publish","type":"post","link":"https:\/\/www.europesays.com\/fr\/655354\/","title":{"rendered":"\u00ab\u00a0Star Academy\u00a0\u00bb 2025\u00a0: Anouk \u00e9limin\u00e9e \u00e0 l\u2019issue d\u2019un prime de haut niveau"},"content":{"rendered":"<p class=\"paragraph text_align_left lp-f-body-02\">Les choses tr\u00e8s s\u00e9rieuses commencent \u00e0 la \u00ab Star Academy \u00bb. Ils ne sont plus que 6 \u00e9l\u00e8ves au Ch\u00e2teau de Dammarie-les-Lys et la finale dans 4 semaines est en ligne de mire. Une semaine <a href=\"https:\/\/www.leparisien.fr\/culture-loisirs\/tv\/star-academy-theo-p-elimine-a-lissue-dune-soiree-interminable-et-dun-bel-hommage-a-nikos-04-01-2026-EIF7STA4KZAF5OFUN7KTNARSN4.php#:~:text=Th%C3%A9o%20P.%20a%20donc%20%C3%A9t%C3%A9,nous%20ont%20le%20plus%20r%C3%A9gal%C3%A9s.\" target=\"_blank\" rel=\"noreferrer noopener\">apr\u00e8s l\u2019\u00e9limination de Th\u00e9o P.<\/a>, Victor et Anouk risquent de partir \u00e0 leur tour. Et \u00e7a, <a href=\"https:\/\/www.leparisien.fr\/culture-loisirs\/tv\/mon-peche-mignon-un-soin-du-visage-une-fois-par-semaine-pourquoi-nikos-aliagas-ne-sarrete-jamais-03-01-2026-3JZVHREQRFAK5DVRPOGQNV745I.php\" target=\"_blank\" rel=\"noreferrer noopener\">le ma\u00eetre de c\u00e9r\u00e9monie Nikos Aliagas<\/a> ne se prive pas pour le rappeler d\u00e8s l\u2019ouverture de ce treizi\u00e8me prime de cette treizi\u00e8me \u00e9dition du t\u00e9l\u00e9-crochet de TF 1.<\/p>\n<p class=\"\">Cette \u00ab soir\u00e9e pas comme les autres \u00bb d\u00e9bute par un \u00ab tableau d\u2019excellence \u00bb sur <a href=\"https:\/\/www.leparisien.fr\/culture-loisirs\/tv\/hymne-de-star-academy-pourquoi-le-tube-dabba-voulez-vous-a-t-il-ete-entierement-traduit-en-francais-01-11-2025-XF4AZVTDVVB7VEWCC5ALMKT43I.php\" target=\"_blank\" rel=\"noreferrer noopener\">\u00ab Voulez-vous \u00bb, l\u2019hymne d\u2019ABBA en VF<\/a>. Les professeurs partagent la sc\u00e8ne avec Bastiaan, Ambre et L\u00e9a, dans le TOP 3 cette semaine. Celui qui gagnera l\u2019immunit\u00e9 d\u00e9crochera son ticket pour la demi-finale. Mais ce sera particuli\u00e8rement difficile cette semaine. Car en plus de leur prestation commune entour\u00e9e d\u2019une chorale sur \u00ab Roar \u00bb de Katy Perry, un professeur leur a lanc\u00e9 un d\u00e9fi chacun, baptis\u00e9 \u00ab tableau d\u2019excellence \u00bb.<\/p>\n<p class=\"\">Ambre d\u00e9bute. La Parisienne de 18 ans est d\u00e9fi\u00e9e par <a href=\"https:\/\/www.leparisien.fr\/culture-loisirs\/decouvreur-de-jamel-dynamiteur-culturel-papy-le-metteur-en-scene-apotre-du-rire-ensemble-14-01-2024-6EO475RPEFBHRMGHC3W3HHD6N4.php\" target=\"_blank\" rel=\"noreferrer noopener\">le prof de th\u00e9\u00e2tre Papy<\/a> d\u2019interpr\u00e9ter \u00ab Gigi l\u2019amoroso \u00bb, qui contient de moments parl\u00e9s. Dans un d\u00e9cor qui sent bon l\u2019Italie, elle se lance. Forc\u00e9ment \u00e0 ce moment de la comp\u00e9tition, c\u2019est juste. Un peu sage. C\u2019est dur de rivaliser face au charisme de Dalida mais rien de honteux. Le corps professoral applaudit debout. \u00ab Bien s\u00fbr qu\u2019elle a r\u00e9ussi ! \u00bb, s\u2019exclame Papy, qui estime qu\u2019Ambre a marqu\u00e9 son empreinte dans la chanson.<\/p>\n<p>L\u00e9a rencontre son idole<\/p>\n<p class=\"\">En ballottage d\u00e9favorable, Anouk a choisi de chanter \u00ab Ind\u00e9l\u00e9bile \u00bb d\u2019Yseult avec Bastiaan, les yeux dans les yeux. Sur\u00e9lev\u00e9es au-dessus du sol, leurs voix se compl\u00e8tent bien. C\u2019est mignon. Du coup, Nikos envoie la premi\u00e8re page de pub.<\/p>\n<p class=\"\">L\u00e9a revit de rencontrer M. Pokora, son idole. Nikos en bafouille longuement, tellement il est fier de lancer le duo sur \u00ab Si on disait \u00bb. La jeune femme n\u00e9e en 2003, l\u2019ann\u00e9e o\u00f9 M. Pokora a particip\u00e9 \u00e0 \u00ab Popstars \u00bb est aux anges. C\u2019est au tour de Victor d\u2019entre en sc\u00e8ne. Il a choisi Ambre pour reprendre \u00ab All of Me \u00bb de John Legend dans un paysage enneig\u00e9. C\u2019est meugnon. Ambre confesse avoir eu \u00ab grave la press \u00bb pour r\u00e9ussir cette prestation pour son pote.<\/p>\n<p class=\"\">Bastiaan se lance dans le \u00ab chant\u00e9 dans\u00e9 \u00bb, choisi par <a href=\"https:\/\/www.leparisien.fr\/culture-loisirs\/tv\/ils-mont-laisse-carte-blanche-jonathan-jenvrin-veut-secouer-les-eleves-de-la-star-academy-05-12-2025-I23PVIUMMVBMPE45PT4JHPM3CA.php\" target=\"_blank\" rel=\"noreferrer noopener\">Jonathan Jenvrin<\/a> d\u00e9cisif pour l\u2019immunit\u00e9. Il va devoir \u00ab \u00eatre tonique \u00bb sur \u00ab Blinding Lights \u00bb, le tube de The Weeknd, qui doit se terminer par 40 secondes de breakdance non-stop. En cuir sur sa moto, il d\u00e9bute un peu faux mais son tableau de danse est parfaitement ex\u00e9cut\u00e9. \u00ab Mais quel show ! \u00bb , s\u2019enflamme Nikos. \u00ab Je suis tellement fier de toi, Bastiaan \u00bb, approuve Jenvrin. M. Pokora est estomaqu\u00e9.<\/p>\n<p>De l\u2019op\u00e9ra en prime sur TF 1<\/p>\n<p class=\"\">Apr\u00e8s une nouvelle page de pub, L\u00e9a se lance dans son tableau d\u2019excellence en chant. Sofia Morgavi lui demande de chanter un air lyrique de Carmen. Elle se frotte donc \u00e0 \u00ab L\u2019Amour est un oiseau rebelle \u00bb. C\u2019est rare d\u2019entendre de l\u2019op\u00e9ra en prime sur TF 1. Le niveau est bon cette ann\u00e9e, car L\u00e9a n\u2019est pas ridicule. Standing ovation. \u00ab Je vous sens tremblante mais c\u2019\u00e9tait bien ! \u00bb, crie Nikos.<\/p>\n<p class=\"\">On encha\u00eene avec un medley revenu du fin fond des ann\u00e9es 2000 avec Sheryfa Luna, N\u00e2diya et Zaho. Et c\u2019est donc parti pour le show avec les \u00e9l\u00e8ves qui n\u2019\u00e9taient m\u00eame pas n\u00e9s quand ces chansons \u00e9taient des tubes et leurs interpr\u00e8tes des starlettes. Mais visiblement c\u2019est la bande-son de leur enfance avec car, comme le public, ils connaissent les titres par c\u0153ur. C\u2019est chelou ?<\/p>\n<p class=\"\">Une page de r\u00e9clames et \u00e7a repart. Il est 23 heures, et Sarah, la seule candidate tranquille ce soir puisqu\u2019elle a gagn\u00e9 l\u2019immunit\u00e9 la semaine derni\u00e8re appara\u00eet pour la premi\u00e8re fois en solo (et en robe de mari\u00e9e !) sur l\u2019entra\u00eenant \u00ab Where Is My Husband ! \u00bb de Raye. La Francilienne de 23 ans se balade. \u00ab EX TRA OR DI NAI RE ! \u00c7a, c\u2019est du show ! \u00bb, applaudit le pr\u00e9sentateur de l\u2019\u00e9mission, estomaqu\u00e9 par la prestation qui a d\u00e9but\u00e9 depuis les coulisses pour finir sur sc\u00e8ne. \u00ab Ce qu\u2019elle vient de faire c\u2019est une master class \u00bb, abonde le directeur Michael Goldman. Elle semble plus que jamais favorite.<\/p>\n<p>\u00c0 nos yeux, L\u00e9a m\u00e9rite l\u2019immunit\u00e9<\/p>\n<p class=\"\">On revient sur le Top 3, justement, pour la battle finale. L\u00e9a se prom\u00e8ne sur \u00ab Beautiful \u00bb : elle a la voix grave ad\u00e9quate pour le tube de Christina Aguilera. Bastiaan encha\u00eene sur \u00ab Angels \u00bb de Robbie Williams. C\u2019est juste mais trop sage\u2026 Ambre termine avec sur \u00ab Nothing Else Matters \u00bb de Metallica, version Miley Cyrus. Un peu trop en puissance parfois\u2026 \u00c0 nos yeux, L\u00e9a m\u00e9rite l\u2019immunit\u00e9.<\/p>\n<p class=\"\">Les profs r\u00e9v\u00e8lent leurs notes. Et L\u00e9a l\u2019emporte facilement. La Suissesse de 22 ans sera l\u00e0 dans quinze jours. Et, surprise, Georges-Alain Jones, candidat de la deuxi\u00e8me \u00e9dition de l\u2019\u00e9mission en 2002 entre sur le plateau et vient chanter, aussi faux qu\u2019\u00e0 l\u2019\u00e9poque, \u00ab Paris Latino \u00bb. \u00ab C\u2019est hyper touchant de t\u2019avoir, je te jure, c\u2019est hyper touchant. Bonne chance dans ta vie de p\u00e8re dans ta vie d\u2019artiste \u00bb, lance Nikos, \u00e0 celui qu\u2019il surnomme \u00ab la l\u00e9gende \u00bb.<\/p>\n<p class=\"\">On revient sur les deux candidats qui risquent l\u2019\u00e9limination. Victor et Anouk font un dernier face-\u00e0-face sur \u00ab Ma r\u00e9v\u00e9rence \u00bb de V\u00e9ronique Sanson. Anouk est \u00e9mue, sa reprise est sensible et puissante. Victor poursuit. Sa prestation est bien plus personnelle et bien plus singuli\u00e8re que la version originale. S\u2019il est jug\u00e9 juste sur cette soir\u00e9e, il devrait l\u2019emporter\u2026<\/p>\n<p class=\"\">23h40, les votes sont clos. Le temps que Bastiaan encha\u00eenent deux duos avec le rappeur KeBlack et on saura qui quitte l\u2019aventure. L\u2019huissier G\u00e9rald Simonin apporte l\u2019enveloppe avec le nom de l\u2019heureux \u00e9lu. \u00ab \u00c7a s\u2019est jou\u00e9 \u00e0 la fin \u00bb, dit-il. Et c\u2019est logiquement Victor qui sauve sa peau. La Belge Anouk est \u00e9limin\u00e9e, inconsolable, m\u00eame si elle participera \u00e0 la tourn\u00e9e.<\/p>\n","protected":false},"excerpt":{"rendered":"Les choses tr\u00e8s s\u00e9rieuses commencent \u00e0 la \u00ab Star Academy \u00bb. Ils ne sont plus que 6 \u00e9l\u00e8ves&hellip;\n","protected":false},"author":2,"featured_media":655355,"comment_status":"","ping_status":"","sticky":false,"template":"","format":"standard","meta":{"footnotes":""},"categories":[1356],"tags":[872,58,59,1011,27,252,2205,1364],"class_list":{"0":"post-655354","1":"post","2":"type-post","3":"status-publish","4":"format-standard","5":"has-post-thumbnail","7":"category-television","8":"tag-culture-et-loisirs","9":"tag-divertissement","10":"tag-entertainment","11":"tag-fr","12":"tag-france","13":"tag-television","14":"tag-television-medias","15":"tag-tv"},"share_on_mastodon":{"url":"https:\/\/pubeurope.com\/@fr\/115874405159119925","error":""},"_links":{"self":[{"href":"https:\/\/www.europesays.com\/fr\/wp-json\/wp\/v2\/posts\/655354","targetHints":{"allow":["GET"]}}],"collection":[{"href":"https:\/\/www.europesays.com\/fr\/wp-json\/wp\/v2\/posts"}],"about":[{"href":"https:\/\/www.europesays.com\/fr\/wp-json\/wp\/v2\/types\/post"}],"author":[{"embeddable":true,"href":"https:\/\/www.europesays.com\/fr\/wp-json\/wp\/v2\/users\/2"}],"replies":[{"embeddable":true,"href":"https:\/\/www.europesays.com\/fr\/wp-json\/wp\/v2\/comments?post=655354"}],"version-history":[{"count":0,"href":"https:\/\/www.europesays.com\/fr\/wp-json\/wp\/v2\/posts\/655354\/revisions"}],"wp:featuredmedia":[{"embeddable":true,"href":"https:\/\/www.europesays.com\/fr\/wp-json\/wp\/v2\/media\/655355"}],"wp:attachment":[{"href":"https:\/\/www.europesays.com\/fr\/wp-json\/wp\/v2\/media?parent=655354"}],"wp:term":[{"taxonomy":"category","embeddable":true,"href":"https:\/\/www.europesays.com\/fr\/wp-json\/wp\/v2\/categories?post=655354"},{"taxonomy":"post_tag","embeddable":true,"href":"https:\/\/www.europesays.com\/fr\/wp-json\/wp\/v2\/tags?post=655354"}],"curies":[{"name":"wp","href":"https:\/\/api.w.org\/{rel}","templated":true}]}}