{"id":655369,"date":"2026-01-11T03:52:15","date_gmt":"2026-01-11T03:52:15","guid":{"rendered":"https:\/\/www.europesays.com\/fr\/655369\/"},"modified":"2026-01-11T03:52:15","modified_gmt":"2026-01-11T03:52:15","slug":"un-chinois-qui-a-filme-des-camps-ouigours-menace-dexpulsion-des-etats-unis-bientot-fixe-sur-son-sort","status":"publish","type":"post","link":"https:\/\/www.europesays.com\/fr\/655369\/","title":{"rendered":"Un Chinois qui a film\u00e9 des camps ou\u00efgours, menac\u00e9 d\u2019expulsion des Etats-Unis, bient\u00f4t fix\u00e9 sur son sort"},"content":{"rendered":"\n<p class=\"article__paragraph  \">En d\u00e9tention depuis bient\u00f4t cinq mois dans une prison de l\u2019Etat de New York, Guan Heng pourrait enfin \u00eatre fix\u00e9 sur son avenir lors d\u2019une audience pr\u00e9vue le 12\u00a0janvier. Il saura si sa contribution d\u00e9terminante, il y a cinq ans, \u00e0 r\u00e9v\u00e9ler l\u2019ampleur de la r\u00e9pression contre les Ou\u00efgours dans l\u2019ouest de la Chine, puis son p\u00e9riple risqu\u00e9 jusqu\u2019aux Etats-Unis et les lourdes intimidations subies depuis par sa famille dans son pays d\u2019origine justifient qu\u2019il \u00e9chappe aux expulsions massives de l\u2019administration de Donald Trump et obtienne l\u2019asile.<\/p>\n<p class=\"article__paragraph  \">Guan Heng, 38\u00a0ans, partageait, pr\u00e8s de la ville d\u2019Albany, un logement avec un couple de Chinois d\u00e9nonc\u00e9s dans un d\u00e9m\u00eal\u00e9 financier et arr\u00eat\u00e9s le 21\u00a0ao\u00fbt\u00a02025 lors d\u2019une descente des agents du service charg\u00e9 de l\u2019immigration et des fronti\u00e8res, l\u2019ICE, qui proc\u00e8de aux expulsions massives sous Donald Trump. Il a eu beau pr\u00e9senter ses papiers de demande d\u2019asile en cours et son permis de travail, les agents ont relev\u00e9 son entr\u00e9e ill\u00e9gale sur le territoire am\u00e9ricain et l\u2019ont plac\u00e9 en d\u00e9tention pr\u00e9alable \u00e0 expulsion.<\/p>\n<p class=\"article__paragraph  \">Quatre ans plus t\u00f4t en effet, M.\u00a0Guan \u00e9tait entr\u00e9 ill\u00e9galement aux Etats-Unis. Ayant film\u00e9 de l\u2019ext\u00e9rieur un nombre important de camps d\u2019endoctrinement politique ouverts par le gouvernement chinois dans la r\u00e9gion du Xinjiang, il avait pris le chemin de l\u2019exil avant de diffuser la vid\u00e9o sur Internet.<\/p>\n<p class=\"reading-mode-only \"><strong>Il vous reste 72.81% de cet article \u00e0 lire. La suite est r\u00e9serv\u00e9e aux abonn\u00e9s.<\/strong><\/p>\n","protected":false},"excerpt":{"rendered":"En d\u00e9tention depuis bient\u00f4t cinq mois dans une prison de l\u2019Etat de New York, Guan Heng pourrait enfin&hellip;\n","protected":false},"author":2,"featured_media":375689,"comment_status":"","ping_status":"","sticky":false,"template":"","format":"standard","meta":{"footnotes":""},"categories":[5],"tags":[11,1011,27,14,12,28],"class_list":{"0":"post-655369","1":"post","2":"type-post","3":"status-publish","4":"format-standard","5":"has-post-thumbnail","7":"category-international","8":"tag-actualites","9":"tag-fr","10":"tag-france","11":"tag-international","12":"tag-news","13":"tag-world"},"share_on_mastodon":{"url":"https:\/\/pubeurope.com\/@fr\/115874440388335208","error":""},"_links":{"self":[{"href":"https:\/\/www.europesays.com\/fr\/wp-json\/wp\/v2\/posts\/655369","targetHints":{"allow":["GET"]}}],"collection":[{"href":"https:\/\/www.europesays.com\/fr\/wp-json\/wp\/v2\/posts"}],"about":[{"href":"https:\/\/www.europesays.com\/fr\/wp-json\/wp\/v2\/types\/post"}],"author":[{"embeddable":true,"href":"https:\/\/www.europesays.com\/fr\/wp-json\/wp\/v2\/users\/2"}],"replies":[{"embeddable":true,"href":"https:\/\/www.europesays.com\/fr\/wp-json\/wp\/v2\/comments?post=655369"}],"version-history":[{"count":0,"href":"https:\/\/www.europesays.com\/fr\/wp-json\/wp\/v2\/posts\/655369\/revisions"}],"wp:featuredmedia":[{"embeddable":true,"href":"https:\/\/www.europesays.com\/fr\/wp-json\/wp\/v2\/media\/375689"}],"wp:attachment":[{"href":"https:\/\/www.europesays.com\/fr\/wp-json\/wp\/v2\/media?parent=655369"}],"wp:term":[{"taxonomy":"category","embeddable":true,"href":"https:\/\/www.europesays.com\/fr\/wp-json\/wp\/v2\/categories?post=655369"},{"taxonomy":"post_tag","embeddable":true,"href":"https:\/\/www.europesays.com\/fr\/wp-json\/wp\/v2\/tags?post=655369"}],"curies":[{"name":"wp","href":"https:\/\/api.w.org\/{rel}","templated":true}]}}