{"id":655380,"date":"2026-01-11T04:02:19","date_gmt":"2026-01-11T04:02:19","guid":{"rendered":"https:\/\/www.europesays.com\/fr\/655380\/"},"modified":"2026-01-11T04:02:19","modified_gmt":"2026-01-11T04:02:19","slug":"le-groupe-pour-metz-montpellier-football-club-de-metz-infos-fc-metz-entrainements-fc-metz","status":"publish","type":"post","link":"https:\/\/www.europesays.com\/fr\/655380\/","title":{"rendered":"Le groupe pour Metz &#8211; Montpellier | Football Club de Metz &#8211; Infos FC Metz &#8211; Entra\u00eenements FC Metz"},"content":{"rendered":"<p>\t\tWeb TV\n<\/p>\n<p>Avant la r\u00e9ception du Montpellier HSC, en Coupe de France, St\u00e9phane Le Mignan s&rsquo;est exprim\u00e9 en conf\u00e9rence de presse. D\u00e9couvrez l&rsquo;essentiel du point&#8230;<\/p>\n<p><a href=\"https:\/\/www.fcmetz.com\/2025-2026\/actualites\/equipe-pro\/metz-montpellier-la-conference-de-stephane-le-mignan\" class=\"btn-or-xs\" target=\"_blank\" rel=\"noopener\">Lire la suite<\/a>\t\t\t<\/p>\n<p>\t\tActualit\u00e9s\n<\/p>\n<p>Engag\u00e9 dans une d\u00e9marche \u00e9co-responsable et de r\u00e9duction du nombre de v\u00e9hicules circulant aux abords du Stade Saint-Symphorien, le FC Metz s\u2019est&#8230;<\/p>\n<p><a href=\"https:\/\/www.fcmetz.com\/2025-2026\/actualites\/equipe-pro\/metz-montpellier-je-covoiture-avec-iko\" class=\"btn-or-xs\" target=\"_blank\" rel=\"noopener\">Lire la suite<\/a>\t\t\t<\/p>\n","protected":false},"excerpt":{"rendered":"Web TV Avant la r\u00e9ception du Montpellier HSC, en Coupe de France, St\u00e9phane Le Mignan s&rsquo;est exprim\u00e9 en&hellip;\n","protected":false},"author":2,"featured_media":655381,"comment_status":"","ping_status":"","sticky":false,"template":"","format":"standard","meta":{"footnotes":""},"categories":[9599],"tags":[1111,11,19298,1777,674,1011,27,19297,2208,12,2680,25,19299],"class_list":{"0":"post-655380","1":"post","2":"type-post","3":"status-publish","4":"format-standard","5":"has-post-thumbnail","7":"category-montpellier","8":"tag-actu","9":"tag-actualites","10":"tag-entrainements-fc-metz","11":"tag-eu","12":"tag-europe","13":"tag-fr","14":"tag-france","15":"tag-infos-fc-metz","16":"tag-montpellier","17":"tag-news","18":"tag-occitanie","19":"tag-republique-francaise","20":"tag-videos-fc-metz"},"share_on_mastodon":{"url":"https:\/\/pubeurope.com\/@fr\/115874479667574293","error":""},"_links":{"self":[{"href":"https:\/\/www.europesays.com\/fr\/wp-json\/wp\/v2\/posts\/655380","targetHints":{"allow":["GET"]}}],"collection":[{"href":"https:\/\/www.europesays.com\/fr\/wp-json\/wp\/v2\/posts"}],"about":[{"href":"https:\/\/www.europesays.com\/fr\/wp-json\/wp\/v2\/types\/post"}],"author":[{"embeddable":true,"href":"https:\/\/www.europesays.com\/fr\/wp-json\/wp\/v2\/users\/2"}],"replies":[{"embeddable":true,"href":"https:\/\/www.europesays.com\/fr\/wp-json\/wp\/v2\/comments?post=655380"}],"version-history":[{"count":0,"href":"https:\/\/www.europesays.com\/fr\/wp-json\/wp\/v2\/posts\/655380\/revisions"}],"wp:featuredmedia":[{"embeddable":true,"href":"https:\/\/www.europesays.com\/fr\/wp-json\/wp\/v2\/media\/655381"}],"wp:attachment":[{"href":"https:\/\/www.europesays.com\/fr\/wp-json\/wp\/v2\/media?parent=655380"}],"wp:term":[{"taxonomy":"category","embeddable":true,"href":"https:\/\/www.europesays.com\/fr\/wp-json\/wp\/v2\/categories?post=655380"},{"taxonomy":"post_tag","embeddable":true,"href":"https:\/\/www.europesays.com\/fr\/wp-json\/wp\/v2\/tags?post=655380"}],"curies":[{"name":"wp","href":"https:\/\/api.w.org\/{rel}","templated":true}]}}