{"id":655382,"date":"2026-01-11T04:04:42","date_gmt":"2026-01-11T04:04:42","guid":{"rendered":"https:\/\/www.europesays.com\/fr\/655382\/"},"modified":"2026-01-11T04:04:42","modified_gmt":"2026-01-11T04:04:42","slug":"raphael-gerbeaud-jai-vraiment-envie-de-me-relancer-et-de-montrer-aussi-toutes-mes-qualites","status":"publish","type":"post","link":"https:\/\/www.europesays.com\/fr\/655382\/","title":{"rendered":"Rapha\u00ebl Gerbeaud : \u00ab\u00a0J\u2019ai vraiment envie de me relancer et de montrer aussi toutes mes qualit\u00e9s\u00a0\u00bb"},"content":{"rendered":"<p><img width=\"773\" height=\"380\" data-lazy-type=\"image\" src=\"https:\/\/www.europesays.com\/fr\/wp-content\/uploads\/2026\/01\/Raphael-Gerbeaud-3-773x380.jpg\" class=\"lazy lazy-hidden attachment-alchemists_thumbnail-lg size-alchemists_thumbnail-lg wp-post-image\" alt=\"\" decoding=\"async\" fetchpriority=\"high\"\/><\/p>\n<p>Saint-Malo<\/p>\n<p>Buteur de Saint-Malo lors des deux derni\u00e8res saison, l\u2019ancien<br \/>\nattaquant pass\u00e9 par les Girondins de Bordeaux entre Janvier 2017 et<br \/>\nJuin 2018, <strong>Rapha\u00ebl Gerbeaud<\/strong>, avait ensuite rejoint<br \/>\nle FC Rouen 1899 l\u2019\u00e9t\u00e9 dernier. Mais celui qui a \u00e9volu\u00e9 avec les<br \/>\nU17 et U19 Nationaux \u00e0 Bordeaux, n\u2019a pas eu le temps de jeu esp\u00e9r\u00e9<br \/>\nen ce d\u00e9but de saison 2025\/2026. Apr\u00e8s 9 apparitions pour 3<br \/>\ntitularisations et 1 but, il a annonc\u00e9 son d\u00e9part du club cet<br \/>\nhiver, sur ses r\u00e9seaux sociaux. Il s\u2019est engag\u00e9 \u00e0 l\u2019AS Cannes, club<br \/>\nde National 2. Il s\u2019est exprim\u00e9 sur son arriv\u00e9e.<\/p>\n<blockquote>\n<p style=\"text-align: center;\">\u201cIndividuellement, dans mon dernier club je me<br \/>\ntrouvais un petit peu dans une impasse. Individuellement j\u2019avais<br \/>\nmoins de temps de jeu et j\u2019avais envie d\u2019en retrouver. Les contacts<br \/>\nse sont fait avec le coach Chabert et le directeur sportif<br \/>\n\u00e9galement. Le feeling est tr\u00e8s bien pass\u00e9, apr\u00e8s je me suis<br \/>\nrenseign\u00e9 au fur et \u00e0 mesure sur le club, sur l\u2019environnement.<br \/>\nC\u2019est un projet qui m\u2019a directement attir\u00e9 donc je suis tr\u00e8s<br \/>\ncontent de faire partie de ce projet et de pouvoir m\u2019y int\u00e9grer.<br \/>\nComment se passe mon int\u00e9gration ? \u00c7a se passe tr\u00e8s bien, il y a un<br \/>\ngroupe qui vit tr\u00e8s bien. Je ne connaissais personne avant de<br \/>\nsigner au club mais franchement, les gars m\u2019ont mis directement \u00e0<br \/>\nl\u2019aise. \u00c7a se passe tr\u00e8s bien sur et en dehors du terrain, puis au<br \/>\nniveau des infrastructures il y a tout pour pouvoir cr\u00e9er du lien.<br \/>\nOn est parti en stage. Donc franchement je suis tr\u00e8s content de mes<br \/>\npremiers jours ici, dans ce nouveau club. J\u2019ai vraiment envie de me<br \/>\nrelancer et de montrer aussi toutes mes qualit\u00e9s. Je sais que ce<br \/>\nn\u2019\u00e9tait qu\u2019un match de pr\u00e9paration mais j\u2019\u00e9tais d\u00e9j\u00e0 content<br \/>\nd\u2019inscrire ce premier but. J\u2019esp\u00e8re que \u00e7a va lancer une s\u00e9rie et<br \/>\nune dynamique positive.\u201d<\/p>\n<\/blockquote>\n<p>Puis il a \u00e9voqu\u00e9 son style de jeu et ses ambitions :<\/p>\n<blockquote>\n<p style=\"text-align: center;\">\u201cMon<br \/>\nstyle de jeu ? J\u2019estime \u00eatre un attaquant plut\u00f4t complet. J\u2019aime<br \/>\nbien aussi venir d\u00e9crocher parfois, combiner avec mes co\u00e9quipiers.<br \/>\nJe suis aussi capable de prendre la profondeur m\u00eame si ce ne sont<br \/>\npas mes caract\u00e9ristiques fortes. Ce qui compte vraiment c\u2019est de<br \/>\ncombiner avec mes co\u00e9quipiers. J\u2019ai vraiment retrouv\u00e9 \u00e7a sur les<br \/>\npremi\u00e8res s\u00e9ances et sur le premier match donc c\u2019est vraiment<br \/>\nquelque chose de tr\u00e8s positif, auquel je suis attach\u00e9. Je suis<br \/>\nvraiment focalis\u00e9 par la performance collective. Je peux sortir<br \/>\nd\u2019un match en ayant eu un impact fort sur le jeu sans avoir marqu\u00e9,<br \/>\ntout en \u00e9tant content. Ce qui compte c\u2019est vraiment la r\u00e9ussite de<br \/>\nl\u2019\u00e9quipe et la victoire de chaque match. Je suis tr\u00e8s content<br \/>\nd\u2019avoir rejoint le club dans un premier temps, j\u2019ai h\u00e2te de fouler<br \/>\nla pelouse du Stade Coubertin et h\u00e2te de vous d\u00e9couvrir pour le<br \/>\npremier match \u00e0 domicile.\u201d<\/p>\n<\/blockquote>\n<p>\u00a0<\/p>\n<blockquote class=\"instagram-media\" style=\"background: #FFF; border: 0; border-radius: 3px; box-shadow: 0 0 1px 0 rgba(0,0,0,0.5),0 1px 10px 0 rgba(0,0,0,0.15); margin: 1px; max-width: 540px; min-width: 326px; padding: 0; width: calc(100% - 2px);\" data-instgrm-captioned=\"\" data-instgrm-permalink=\"https:\/\/www.instagram.com\/reel\/DTQfsrzjZ03\/?utm_source=ig_embed&amp;utm_campaign=loading\" data-instgrm-version=\"14\">\n<\/blockquote>\n<p><script async src=\"\/\/www.instagram.com\/embed.js\"><\/script><\/p>\n","protected":false},"excerpt":{"rendered":"Saint-Malo Buteur de Saint-Malo lors des deux derni\u00e8res saison, l\u2019ancien attaquant pass\u00e9 par les Girondins de Bordeaux entre&hellip;\n","protected":false},"author":2,"featured_media":655383,"comment_status":"","ping_status":"","sticky":false,"template":"","format":"standard","meta":{"footnotes":""},"categories":[9587],"tags":[1111,11,1777,674,1011,27,12,5161,25,9590],"class_list":{"0":"post-655382","1":"post","2":"type-post","3":"status-publish","4":"format-standard","5":"has-post-thumbnail","7":"category-rouen","8":"tag-actu","9":"tag-actualites","10":"tag-eu","11":"tag-europe","12":"tag-fr","13":"tag-france","14":"tag-news","15":"tag-normandie","16":"tag-republique-francaise","17":"tag-rouen"},"share_on_mastodon":{"url":"https:\/\/pubeurope.com\/@fr\/115874487545787729","error":""},"_links":{"self":[{"href":"https:\/\/www.europesays.com\/fr\/wp-json\/wp\/v2\/posts\/655382","targetHints":{"allow":["GET"]}}],"collection":[{"href":"https:\/\/www.europesays.com\/fr\/wp-json\/wp\/v2\/posts"}],"about":[{"href":"https:\/\/www.europesays.com\/fr\/wp-json\/wp\/v2\/types\/post"}],"author":[{"embeddable":true,"href":"https:\/\/www.europesays.com\/fr\/wp-json\/wp\/v2\/users\/2"}],"replies":[{"embeddable":true,"href":"https:\/\/www.europesays.com\/fr\/wp-json\/wp\/v2\/comments?post=655382"}],"version-history":[{"count":0,"href":"https:\/\/www.europesays.com\/fr\/wp-json\/wp\/v2\/posts\/655382\/revisions"}],"wp:featuredmedia":[{"embeddable":true,"href":"https:\/\/www.europesays.com\/fr\/wp-json\/wp\/v2\/media\/655383"}],"wp:attachment":[{"href":"https:\/\/www.europesays.com\/fr\/wp-json\/wp\/v2\/media?parent=655382"}],"wp:term":[{"taxonomy":"category","embeddable":true,"href":"https:\/\/www.europesays.com\/fr\/wp-json\/wp\/v2\/categories?post=655382"},{"taxonomy":"post_tag","embeddable":true,"href":"https:\/\/www.europesays.com\/fr\/wp-json\/wp\/v2\/tags?post=655382"}],"curies":[{"name":"wp","href":"https:\/\/api.w.org\/{rel}","templated":true}]}}