{"id":655410,"date":"2026-01-11T04:25:16","date_gmt":"2026-01-11T04:25:16","guid":{"rendered":"https:\/\/www.europesays.com\/fr\/655410\/"},"modified":"2026-01-11T04:25:16","modified_gmt":"2026-01-11T04:25:16","slug":"a-lyon-plus-de-80-enfants-sans-toit-et-leurs-parents-mis-a-labri-dans-une-ecole-desaffectee","status":"publish","type":"post","link":"https:\/\/www.europesays.com\/fr\/655410\/","title":{"rendered":"A Lyon, plus de 80 enfants sans toit et leurs parents mis \u00e0 l\u2019abri dans une \u00e9cole d\u00e9saffect\u00e9e."},"content":{"rendered":"<p class=\"mb-4 text-lg md:leading-8 break-words\"><strong>plan grand froid &#8211; Vendredi soir, le collectif Jamais Sans Toit (JST) a install\u00e9 27 familles dans une \u00e9cole d\u00e9saffect\u00e9e de Lyon. Une situation ill\u00e9gale mais tol\u00e9r\u00e9e par les pouvoirs publics en l\u2019absence de solutions pour ces publics fragiles<\/strong><\/p>\n<p class=\"mb-4 text-lg md:leading-8 break-words\">Aucune autre alternative n\u2019a \u00e9t\u00e9 trouv\u00e9e. Des salles de classe transform\u00e9es en dortoir et r\u00e9fectoire\u00a0: plus de 80 enfants sans toit occupent avec leurs parents une \u00e9cole d\u00e9saffect\u00e9e de <a href=\"https:\/\/www.20minutes.fr\/lyon\/?at_medium=RSS%20feed&amp;at_campaign=ynews&amp;utm_source=yahoo&amp;utm_medium=rss&amp;utm_campaign=news_feed&amp;utm_content=in_article_link\" rel=\"nofollow noopener\" target=\"_blank\" data-ylk=\"slk:Lyon;elm:context_link;itc:0;sec:content-canvas\" class=\"link \">Lyon<\/a>, une op\u00e9ration d\u2019une ampleur \u00ab\u00a0tr\u00e8s exceptionnelle\u00a0\u00bb men\u00e9e vendredi soir par un collectif en l\u2019absence de solution d\u2019<a href=\"https:\/\/www.20minutes.fr\/dossier\/hebergement?at_medium=RSS%20feed&amp;at_campaign=ynews&amp;utm_source=yahoo&amp;utm_medium=rss&amp;utm_campaign=news_feed&amp;utm_content=in_article_link\" rel=\"nofollow noopener\" target=\"_blank\" data-ylk=\"slk:h\u00e9bergement;elm:context_link;itc:0;sec:content-canvas\" class=\"link \">h\u00e9bergement<\/a>.<\/p>\n<p class=\"mb-4 text-lg md:leading-8 break-words\">Des enseignants et des parents d\u2019\u00e9l\u00e8ves b\u00e9n\u00e9voles du <a href=\"https:\/\/www.facebook.com\/jamaissanstoit69\/?locale=fr_FR&amp;at_medium=RSS%20feed&amp;at_campaign=ynews&amp;utm_source=yahoo&amp;utm_medium=rss&amp;utm_campaign=news_feed&amp;utm_content=in_article_link\" rel=\"nofollow noopener\" target=\"_blank\" data-ylk=\"slk:collectif \u00ab\u00a0Jamais Sans Toit\u00a0\u00bb (JST);elm:context_link;itc:0;sec:content-canvas\" class=\"link \">collectif \u00ab\u00a0Jamais Sans Toit\u00a0\u00bb (JST) <\/a>ont install\u00e9 plus d\u2019une centaine de matelas dans le b\u00e2timent encore chauff\u00e9 pour y faire dormir 27 familles.<\/p>\n<p>\u00ab\u00a0Pas d\u2019autres options\u00a0\u00bb<\/p>\n<p class=\"mb-4 text-lg md:leading-8 break-words\">Depuis parfois deux ans, la plupart dormaient dans les \u00e9tablissements scolaires de leurs enfants, principal modus operandi de JST, un collectif n\u00e9 \u00e0 Lyon en\u00a02014 et qui recense actuellement \u00ab\u00a0315 enfants sans solution d\u2019h\u00e9bergement\u00a0\u00bb dans l\u2019agglom\u00e9ration.<\/p>\n<p class=\"mb-4 text-lg md:leading-8 break-words\">\u00ab\u00a0C\u2019est un peu ill\u00e9gal mais c\u2019est tol\u00e9r\u00e9 par les pouvoirs publics parce qu\u2019il n\u2019y a plus d\u2019autres options pour ces enfants et leurs familles\u00a0\u00bb, plaide Juliette Murtin, porte-parole de JST. Ils sont tous scolaris\u00e9s et leurs parents sont souvent r\u00e9fugi\u00e9s ou inscrits dans des parcours migratoires.<\/p>\n<p class=\"mb-4 text-lg md:leading-8 break-words\">La mairie de Lyon, qui ne voulait pas laisser ouvertes les \u00e9coles o\u00f9 dormaient habituellement les familles durant les vacances de No\u00ebl, a pay\u00e9 15 nuits d\u2019h\u00f4tel \u00e0 chacune d\u2019entre elles avant de les orienter vers des gymnases ouverts aux sans-abri par la pr\u00e9fecture du Rh\u00f4ne dans le cadre du Plan Grand Froid reconduit jusqu\u2019\u00e0 mardi.<\/p>\n<p class=\"mb-4 text-lg md:leading-8 break-words\">\u00ab\u00a0C\u2019est totalement insuffisant\u00a0\u00bb, s\u2019\u00e9meut Juliette Murtin, soulignant (&#8230;)<\/p>\n<p class=\"mb-4 text-lg md:leading-8 break-words\"><a href=\"https:\/\/www.20minutes.fr\/societe\/4195361-20260110-lyon-plus-80-enfants-toit-parents-mis-abri-ecole-desaffectee?at_medium=RSS%20feed&amp;at_campaign=ynews&amp;utm_source=yahoo&amp;utm_medium=rss&amp;utm_campaign=news_feed&amp;utm_content=read_more_link&quot;\" rel=\"nofollow noopener\" target=\"_blank\" data-ylk=\"slk:Lire la suite sur 20minutes;elm:context_link;itc:0;sec:content-canvas\" class=\"link \">Lire la suite sur 20minutes<\/a><\/p>\n<p>\u00c0 lire aussi :<br \/><a href=\"https:\/\/www.20minutes.fr\/societe\/4186841-20251120-haute-vienne-maire-refuse-loger-familles-abri-ecole?at_medium=RSS%20feed&amp;at_campaign=ynews&amp;utm_source=yahoo&amp;utm_medium=rss&amp;utm_campaign=news_feed&amp;utm_content=related_content_link\" rel=\"nofollow noopener\" target=\"_blank\" data-ylk=\"slk:Haute-Vienne\u00a0: Un maire refuse de loger des familles de sans-abri dans une \u00e9cole;elm:context_link;itc:0;sec:content-canvas\" class=\"link \">Haute-Vienne\u00a0: Un maire refuse de loger des familles de sans-abri dans une \u00e9cole<\/a><br \/><a href=\"https:\/\/www.20minutes.fr\/lyon\/4187455-20251124-lyon-echapper-froid-soixantaine-jeunes-migrants-occupent-eglise?at_medium=RSS%20feed&amp;at_campaign=ynews&amp;utm_source=yahoo&amp;utm_medium=rss&amp;utm_campaign=news_feed&amp;utm_content=related_content_link\" rel=\"nofollow noopener\" target=\"_blank\" data-ylk=\"slk:Lyon\u00a0: Pour \u00e9chapper au froid, une soixantaine de jeunes migrants occupent une \u00e9glise;elm:context_link;itc:0;sec:content-canvas\" class=\"link \">Lyon\u00a0: Pour \u00e9chapper au froid, une soixantaine de jeunes migrants occupent une \u00e9glise<\/a><\/p>\n","protected":false},"excerpt":{"rendered":"plan grand froid &#8211; Vendredi soir, le collectif Jamais Sans Toit (JST) a install\u00e9 27 familles dans une&hellip;\n","protected":false},"author":2,"featured_media":655411,"comment_status":"","ping_status":"","sticky":false,"template":"","format":"standard","meta":{"footnotes":""},"categories":[1889],"tags":[1111,11,2430,1777,674,1011,27,2428,41694,12,62678,73314,9450,25,11758],"class_list":{"0":"post-655410","1":"post","2":"type-post","3":"status-publish","4":"format-standard","5":"has-post-thumbnail","7":"category-lyon","8":"tag-actu","9":"tag-actualites","10":"tag-auvergne-rhone-alpes","11":"tag-eu","12":"tag-europe","13":"tag-fr","14":"tag-france","15":"tag-lyon","16":"tag-mairie-de-lyon","17":"tag-news","18":"tag-parents-deleves","19":"tag-plan-grand-froid","20":"tag-prefecture-du-rhone","21":"tag-republique-francaise","22":"tag-vendredi-soir"},"share_on_mastodon":{"url":"https:\/\/pubeurope.com\/@fr\/115874570092416595","error":""},"_links":{"self":[{"href":"https:\/\/www.europesays.com\/fr\/wp-json\/wp\/v2\/posts\/655410","targetHints":{"allow":["GET"]}}],"collection":[{"href":"https:\/\/www.europesays.com\/fr\/wp-json\/wp\/v2\/posts"}],"about":[{"href":"https:\/\/www.europesays.com\/fr\/wp-json\/wp\/v2\/types\/post"}],"author":[{"embeddable":true,"href":"https:\/\/www.europesays.com\/fr\/wp-json\/wp\/v2\/users\/2"}],"replies":[{"embeddable":true,"href":"https:\/\/www.europesays.com\/fr\/wp-json\/wp\/v2\/comments?post=655410"}],"version-history":[{"count":0,"href":"https:\/\/www.europesays.com\/fr\/wp-json\/wp\/v2\/posts\/655410\/revisions"}],"wp:featuredmedia":[{"embeddable":true,"href":"https:\/\/www.europesays.com\/fr\/wp-json\/wp\/v2\/media\/655411"}],"wp:attachment":[{"href":"https:\/\/www.europesays.com\/fr\/wp-json\/wp\/v2\/media?parent=655410"}],"wp:term":[{"taxonomy":"category","embeddable":true,"href":"https:\/\/www.europesays.com\/fr\/wp-json\/wp\/v2\/categories?post=655410"},{"taxonomy":"post_tag","embeddable":true,"href":"https:\/\/www.europesays.com\/fr\/wp-json\/wp\/v2\/tags?post=655410"}],"curies":[{"name":"wp","href":"https:\/\/api.w.org\/{rel}","templated":true}]}}