{"id":655426,"date":"2026-01-11T04:34:10","date_gmt":"2026-01-11T04:34:10","guid":{"rendered":"https:\/\/www.europesays.com\/fr\/655426\/"},"modified":"2026-01-11T04:34:10","modified_gmt":"2026-01-11T04:34:10","slug":"un-monde-divise-en-spheres-dinfluence-ne-sera-pas-plus-stable","status":"publish","type":"post","link":"https:\/\/www.europesays.com\/fr\/655426\/","title":{"rendered":"un monde divis\u00e9 en sph\u00e8res d\u2019influence ne sera pas plus stable"},"content":{"rendered":"\n<p>Fond\u00e9 en\u00a01888 sous le nom de\u00a0London Financial Guide,\u00a0un journal de quatre pages destin\u00e9\u00a0\u201caux investisseurs honn\u00eates et aux courtiers respectables\u201d,\u00a0le\u00a0Financial Times\u00a0est aujourd\u2019hui\u00a0le quotidien financier et \u00e9conomique de r\u00e9f\u00e9rence en Europe. Il n\u2019y a pas une institution financi\u00e8re ou banque digne de ce nom qui ne re\u00e7oive un exemplaire de ce journal britannique imm\u00e9diatement reconnaissable \u00e0 son papier rose saumon.<\/p>\n<p>Rachet\u00e9 par le groupe japonais Nikkei en\u00a02015, le \u201cjournal de la City\u201d voit son nombre d\u2019abonn\u00e9s \u00e0 l\u2019\u00e9dition papier s\u2019\u00e9roder peu \u00e0 peu, mais a\u00a0d\u00e9pass\u00e9 1\u00a0million d\u2019abonn\u00e9s num\u00e9riques en 2022. Plus de la moiti\u00e9 de l\u2019ensemble de ses abonn\u00e9s r\u00e9sident hors du Royaume-Uni.<\/p>\n<p>Plus de 600\u00a0journalistes r\u00e9partis dans plus de 40\u00a0pays collaborent au\u00a0titre.<\/p>\n","protected":false},"excerpt":{"rendered":"Fond\u00e9 en\u00a01888 sous le nom de\u00a0London Financial Guide,\u00a0un journal de quatre pages destin\u00e9\u00a0\u201caux investisseurs honn\u00eates et aux courtiers&hellip;\n","protected":false},"author":2,"featured_media":655427,"comment_status":"","ping_status":"","sticky":false,"template":"","format":"standard","meta":{"footnotes":""},"categories":[1589],"tags":[11,3822,75,73,1866,1892,12,70705,770,1864,1865,1863,308,337],"class_list":{"0":"post-655426","1":"post","2":"type-post","3":"status-publish","4":"format-standard","5":"has-post-thumbnail","7":"category-etats-unis","8":"tag-actualites","9":"tag-amu00e9riques","10":"tag-donald-trump","11":"tag-etats-unis","12":"tag-etats-unis-damerique","13":"tag-gu00e9opolitique","14":"tag-news","15":"tag-tensions-u00e9tats-unis-venezuela","16":"tag-u00e9tats-unis","17":"tag-united-states","18":"tag-united-states-of-america","19":"tag-us","20":"tag-usa","21":"tag-venezuela"},"share_on_mastodon":{"url":"https:\/\/pubeurope.com\/@fr\/115874605897243871","error":""},"_links":{"self":[{"href":"https:\/\/www.europesays.com\/fr\/wp-json\/wp\/v2\/posts\/655426","targetHints":{"allow":["GET"]}}],"collection":[{"href":"https:\/\/www.europesays.com\/fr\/wp-json\/wp\/v2\/posts"}],"about":[{"href":"https:\/\/www.europesays.com\/fr\/wp-json\/wp\/v2\/types\/post"}],"author":[{"embeddable":true,"href":"https:\/\/www.europesays.com\/fr\/wp-json\/wp\/v2\/users\/2"}],"replies":[{"embeddable":true,"href":"https:\/\/www.europesays.com\/fr\/wp-json\/wp\/v2\/comments?post=655426"}],"version-history":[{"count":0,"href":"https:\/\/www.europesays.com\/fr\/wp-json\/wp\/v2\/posts\/655426\/revisions"}],"wp:featuredmedia":[{"embeddable":true,"href":"https:\/\/www.europesays.com\/fr\/wp-json\/wp\/v2\/media\/655427"}],"wp:attachment":[{"href":"https:\/\/www.europesays.com\/fr\/wp-json\/wp\/v2\/media?parent=655426"}],"wp:term":[{"taxonomy":"category","embeddable":true,"href":"https:\/\/www.europesays.com\/fr\/wp-json\/wp\/v2\/categories?post=655426"},{"taxonomy":"post_tag","embeddable":true,"href":"https:\/\/www.europesays.com\/fr\/wp-json\/wp\/v2\/tags?post=655426"}],"curies":[{"name":"wp","href":"https:\/\/api.w.org\/{rel}","templated":true}]}}