{"id":655430,"date":"2026-01-11T04:36:43","date_gmt":"2026-01-11T04:36:43","guid":{"rendered":"https:\/\/www.europesays.com\/fr\/655430\/"},"modified":"2026-01-11T04:36:43","modified_gmt":"2026-01-11T04:36:43","slug":"zalando-ferme-un-site-employant-2-700-salaries-nouveau-coup-dur-pour-lest-de-lallemagne","status":"publish","type":"post","link":"https:\/\/www.europesays.com\/fr\/655430\/","title":{"rendered":"Zalando ferme un site employant 2\u00a0700\u00a0salari\u00e9s, nouveau coup dur pour l\u2019est de l\u2019Allemagne"},"content":{"rendered":"<p>                     <img loading=\"lazy\" decoding=\"async\" src=\"https:\/\/www.europesays.com\/fr\/wp-content\/uploads\/2026\/01\/2c165a3_upload-1-w7dcoh83mtoa-000-arp3581107.jpg\" alt=\"Centre logistique de Zalando d\u2019Erfurt, dans l\u2019est de l\u2019Allemagne, en 2012.\"   width=\"664\" height=\"443\"\/>    Centre logistique de Zalando d\u2019Erfurt, dans l\u2019est de l\u2019Allemagne, en 2012.  MARTIN SCHUTT\/DPA\/AFP                 <\/p>\n<p class=\"article__paragraph  \">Le signal est terrible, pour l\u2019une des entreprises allemandes les plus connues du grand public outre-Rhin\u00a0: le groupe Zalando, premi\u00e8re plateforme europ\u00e9enne de commerce en ligne d\u2019articles de mode, a annonc\u00e9, jeudi 8\u00a0janvier, <a href=\"https:\/\/www.lemonde.fr\/economie\/article\/2026\/01\/09\/zalando-ferme-un-centre-de-distribution-en-allemagne-employant-2700-personnes_6661081_3234.html\" target=\"_blank\" rel=\"noopener\">la fermeture, en septembre<\/a>, de son site logistique d\u2019Erfurt, capitale du Land de Thuringe (Est), qui emploie 2\u00a0700\u00a0salari\u00e9s. Ouvert en\u00a02012 quand Zalando \u00e9tait en pleine ascension, c\u2019est le plus ancien centre d\u2019exp\u00e9dition ouvert en propre par le groupe berlinois, mais aussi le seul situ\u00e9 dans l\u2019est de l\u2019Allemagne.<\/p>\n<p class=\"article__paragraph  \">Pour cette partie du pays, c\u2019est un nouveau coup dur apr\u00e8s l\u2019annonce par Volkswagen, d\u00e9but d\u00e9cembre, de la fermeture sa petite usine de Dresde, en Saxe. De quoi renforcer l\u2019impression, largement r\u00e9pandue dans la r\u00e9gion, que les directions des grands groupes allemands sacrifient toujours plus volontiers les sites de l\u2019Est que ceux de l\u2019Ouest, quelles que soient les performances des salari\u00e9s. Du pain b\u00e9ni pour l\u2019extr\u00eame droite, dominante en Thuringe.<\/p>\n<p class=\"reading-mode-only \"><strong>Il vous reste 70.36% de cet article \u00e0 lire. La suite est r\u00e9serv\u00e9e aux abonn\u00e9s.<\/strong><\/p>\n","protected":false},"excerpt":{"rendered":"Centre logistique de Zalando d\u2019Erfurt, dans l\u2019est de l\u2019Allemagne, en 2012. MARTIN SCHUTT\/DPA\/AFP Le signal est terrible, pour&hellip;\n","protected":false},"author":2,"featured_media":650634,"comment_status":"","ping_status":"","sticky":false,"template":"","format":"standard","meta":{"footnotes":""},"categories":[1587],"tags":[11,672,1804,1805,1803,1777,674,1801,12,1802],"class_list":{"0":"post-655430","1":"post","2":"type-post","3":"status-publish","4":"format-standard","5":"has-post-thumbnail","7":"category-allemagne","8":"tag-actualites","9":"tag-allemagne","10":"tag-bundesrepublik-deutschland","11":"tag-de","12":"tag-deutschland","13":"tag-eu","14":"tag-europe","15":"tag-germany","16":"tag-news","17":"tag-republique-federale-dallemagne"},"share_on_mastodon":{"url":"https:\/\/pubeurope.com\/@fr\/115874613421864745","error":""},"_links":{"self":[{"href":"https:\/\/www.europesays.com\/fr\/wp-json\/wp\/v2\/posts\/655430","targetHints":{"allow":["GET"]}}],"collection":[{"href":"https:\/\/www.europesays.com\/fr\/wp-json\/wp\/v2\/posts"}],"about":[{"href":"https:\/\/www.europesays.com\/fr\/wp-json\/wp\/v2\/types\/post"}],"author":[{"embeddable":true,"href":"https:\/\/www.europesays.com\/fr\/wp-json\/wp\/v2\/users\/2"}],"replies":[{"embeddable":true,"href":"https:\/\/www.europesays.com\/fr\/wp-json\/wp\/v2\/comments?post=655430"}],"version-history":[{"count":0,"href":"https:\/\/www.europesays.com\/fr\/wp-json\/wp\/v2\/posts\/655430\/revisions"}],"wp:featuredmedia":[{"embeddable":true,"href":"https:\/\/www.europesays.com\/fr\/wp-json\/wp\/v2\/media\/650634"}],"wp:attachment":[{"href":"https:\/\/www.europesays.com\/fr\/wp-json\/wp\/v2\/media?parent=655430"}],"wp:term":[{"taxonomy":"category","embeddable":true,"href":"https:\/\/www.europesays.com\/fr\/wp-json\/wp\/v2\/categories?post=655430"},{"taxonomy":"post_tag","embeddable":true,"href":"https:\/\/www.europesays.com\/fr\/wp-json\/wp\/v2\/tags?post=655430"}],"curies":[{"name":"wp","href":"https:\/\/api.w.org\/{rel}","templated":true}]}}