{"id":655431,"date":"2026-01-11T04:37:18","date_gmt":"2026-01-11T04:37:18","guid":{"rendered":"https:\/\/www.europesays.com\/fr\/655431\/"},"modified":"2026-01-11T04:37:18","modified_gmt":"2026-01-11T04:37:18","slug":"disrael-vers-leurope-letrange-sauvetage-par-avion-des-anes-de-gaza","status":"publish","type":"post","link":"https:\/\/www.europesays.com\/fr\/655431\/","title":{"rendered":"D\u2019Isra\u00ebl vers l\u2019Europe, l\u2019\u00e9trange sauvetage par avion des \u00e2nes de Gaza"},"content":{"rendered":"\n<p class=\"article__paragraph article__paragraph--lf \">L\u2019avion-cargo se gare sur le tarmac de l\u2019a\u00e9roport de Li\u00e8ge, en Belgique. Les r\u00e9acteurs du 747 soufflent encore lorsque des agents de piste accolent une plateforme \u00e9l\u00e9vatrice \u00e0 son flanc, pour en tirer sept caisses de m\u00e9tal. Blottis dans ces boxes de voyage, 50\u00a0\u00e2nes palestiniens respirent pour la premi\u00e8re fois, en cette mi-novembre, l\u2019air d\u2019Europe.<\/p>\n<p class=\"article__paragraph article__paragraph--lf \">Ils s\u2019appellent Hibiscus, Wazabi ou Duvdevan \u2013 comme l\u2019unit\u00e9 commando isra\u00e9lienne de la s\u00e9rie Fauda. C\u2019est une militante isra\u00e9lienne de la cause animale qui les a baptis\u00e9s ainsi et veille sur leur d\u00e9barquement.<\/p>\n<p class=\"article__paragraph article__paragraph--lf \">Sharon Cohen a orchestr\u00e9 le transfert de 608\u00a0\u00e2nes vers l\u2019Europe depuis 2022, pour la plupart vers la France. Certains lui ont \u00e9t\u00e9 confi\u00e9s par des soldats isra\u00e9liens d\u00e9ploy\u00e9s \u00e0 Gaza. Ils les ont recueillis dans l\u2019enclave palestinienne, o\u00f9 la guerre que m\u00e8ne l\u2019Etat h\u00e9breu depuis l\u2019attaque terroriste du Hamas, le 7\u00a0octobre\u00a02023, <a href=\"https:\/\/www.lemonde.fr\/international\/article\/2025\/11\/29\/bande-de-gaza-plus-de-70-000-morts-selon-le-ministere-de-la-sante_6655393_3210.html\" target=\"_blank\" rel=\"noopener\">a fait plus de 71\u00a0000\u00a0morts, selon le minist\u00e8re de la sant\u00e9 palestinien \u00e0 Gaza,<\/a> contr\u00f4l\u00e9 par le Hamas \u2013 un bilan qui ne cesse d\u2019augmenter malgr\u00e9 le cessez-le-feu entr\u00e9 en vigueur le 10\u00a0octobre\u00a02025.<\/p>\n<p>                    Achet\u00e9s, confisqu\u00e9s                    <\/p>\n<p class=\"article__paragraph article__paragraph--lf \">Au moins 160 \u00e2nes\u00a0gazaouis, \u00ab\u00a0pour la plupart affam\u00e9s, certains mutil\u00e9s et tous traumatis\u00e9s\u00a0\u00bb, selon Sharon Cohen, ont \u00e9t\u00e9 pris en charge par son association, Starting Over Sanctuary (\u00ab\u00a0refuge du nouveau d\u00e9part\u00a0\u00bb). Les autres b\u00eates, elle les ach\u00e8te dans les villages de la minorit\u00e9 arabe d\u2019Isra\u00ebl (20\u00a0% des citoyens du pays). La police lui en envoie aussi, confisqu\u00e9s \u00e0 leurs propri\u00e9taires maltraitants.<\/p>\n<p class=\"reading-mode-only \"><strong>Il vous reste 91.39% de cet article \u00e0 lire. La suite est r\u00e9serv\u00e9e aux abonn\u00e9s.<\/strong><\/p>\n","protected":false},"excerpt":{"rendered":"L\u2019avion-cargo se gare sur le tarmac de l\u2019a\u00e9roport de Li\u00e8ge, en Belgique. Les r\u00e9acteurs du 747 soufflent encore&hellip;\n","protected":false},"author":2,"featured_media":655432,"comment_status":"","ping_status":"","sticky":false,"template":"","format":"standard","meta":{"footnotes":""},"categories":[1586],"tags":[11,1777,674,1011,27,12,25],"class_list":{"0":"post-655431","1":"post","2":"type-post","3":"status-publish","4":"format-standard","5":"has-post-thumbnail","7":"category-europe","8":"tag-actualites","9":"tag-eu","10":"tag-europe","11":"tag-fr","12":"tag-france","13":"tag-news","14":"tag-republique-francaise"},"share_on_mastodon":{"url":"https:\/\/pubeurope.com\/@fr\/115874617420724943","error":""},"_links":{"self":[{"href":"https:\/\/www.europesays.com\/fr\/wp-json\/wp\/v2\/posts\/655431","targetHints":{"allow":["GET"]}}],"collection":[{"href":"https:\/\/www.europesays.com\/fr\/wp-json\/wp\/v2\/posts"}],"about":[{"href":"https:\/\/www.europesays.com\/fr\/wp-json\/wp\/v2\/types\/post"}],"author":[{"embeddable":true,"href":"https:\/\/www.europesays.com\/fr\/wp-json\/wp\/v2\/users\/2"}],"replies":[{"embeddable":true,"href":"https:\/\/www.europesays.com\/fr\/wp-json\/wp\/v2\/comments?post=655431"}],"version-history":[{"count":0,"href":"https:\/\/www.europesays.com\/fr\/wp-json\/wp\/v2\/posts\/655431\/revisions"}],"wp:featuredmedia":[{"embeddable":true,"href":"https:\/\/www.europesays.com\/fr\/wp-json\/wp\/v2\/media\/655432"}],"wp:attachment":[{"href":"https:\/\/www.europesays.com\/fr\/wp-json\/wp\/v2\/media?parent=655431"}],"wp:term":[{"taxonomy":"category","embeddable":true,"href":"https:\/\/www.europesays.com\/fr\/wp-json\/wp\/v2\/categories?post=655431"},{"taxonomy":"post_tag","embeddable":true,"href":"https:\/\/www.europesays.com\/fr\/wp-json\/wp\/v2\/tags?post=655431"}],"curies":[{"name":"wp","href":"https:\/\/api.w.org\/{rel}","templated":true}]}}