{"id":655439,"date":"2026-01-11T04:41:11","date_gmt":"2026-01-11T04:41:11","guid":{"rendered":"https:\/\/www.europesays.com\/fr\/655439\/"},"modified":"2026-01-11T04:41:11","modified_gmt":"2026-01-11T04:41:11","slug":"france-islande-a-quelle-heure-et-sur-quelle-chaine-tv-voir-le-match-du-tournoi-de-france-de-handball","status":"publish","type":"post","link":"https:\/\/www.europesays.com\/fr\/655439\/","title":{"rendered":"France-Islande : \u00e0 quelle heure et sur quelle cha\u00eene TV voir le match du Tournoi de France de handball ?"},"content":{"rendered":"<p class=\"paragraph text_align_left lp-f-body-02\">Une derni\u00e8re r\u00e9p\u00e9tition avant les Championnats d\u2019Europe. Apr\u00e8s leur match face \u00e0 l\u2019Autriche vendredi, les Bleus d\u00e9fient l\u2019Islande ce dimanche <a href=\"https:\/\/www.leparisien.fr\/sports\/handball\/premiere-a-la-paris-la-defense-arena-et-mise-en-jambe-avant-leuro-ce-quil-faut-savoir-avant-le-tournoi-de-france-de-handball-08-01-2026-E7SCW2KDHFBJLDYXHNIMTO24BU.php\" target=\"_self\" rel=\"noopener\">lors du Tournoi de France <\/a>organis\u00e9 juste avant de s\u2019envoler pour la Norv\u00e8ge o\u00f9 se d\u00e9roule l\u2019Euro du 15 janvier au 1er f\u00e9vrier.<\/p>\n<p class=\"\">Et ce match de pr\u00e9paration \u00e0 la D\u00e9fense Arena sera aussi une grande f\u00eate puisque plusieurs shows sont pr\u00e9vus juste apr\u00e8s le dernier match. <\/p>\n<p class=\"\">En effet, une c\u00e9r\u00e9monie d\u2019entr\u00e9e au Hall of Fame de la f\u00e9d\u00e9ration est pr\u00e9vue \u00e0 partir de 18h30 apr\u00e8s les deux matches du jour (puisque l\u2019Autriche et la Slov\u00e9nie s\u2019affrontent juste avant les Bleus). L\u2019occasion de rendre hommage aux l\u00e9gendaires Allison Pineau et Nikola Karabatic encore une fois.<\/p>\n<p class=\"\"><b>Le coup d\u2019envoi du match France-Islande est pr\u00e9vu \u00e0 17 heures ce dimanche 11 janvier. La rencontre sera \u00e0 suivre en direct sur BeIN Sports 2.<\/b><\/p>\n","protected":false},"excerpt":{"rendered":"Une derni\u00e8re r\u00e9p\u00e9tition avant les Championnats d\u2019Europe. Apr\u00e8s leur match face \u00e0 l\u2019Autriche vendredi, les Bleus d\u00e9fient l\u2019Islande&hellip;\n","protected":false},"author":2,"featured_media":655440,"comment_status":"","ping_status":"","sticky":false,"template":"","format":"standard","meta":{"footnotes":""},"categories":[4],"tags":[11,1011,27,1792,12,25,60],"class_list":{"0":"post-655439","1":"post","2":"type-post","3":"status-publish","4":"format-standard","5":"has-post-thumbnail","7":"category-france","8":"tag-actualites","9":"tag-fr","10":"tag-france","11":"tag-handball","12":"tag-news","13":"tag-republique-francaise","14":"tag-sports"},"share_on_mastodon":{"url":"https:\/\/pubeurope.com\/@fr\/115874632998317413","error":""},"_links":{"self":[{"href":"https:\/\/www.europesays.com\/fr\/wp-json\/wp\/v2\/posts\/655439","targetHints":{"allow":["GET"]}}],"collection":[{"href":"https:\/\/www.europesays.com\/fr\/wp-json\/wp\/v2\/posts"}],"about":[{"href":"https:\/\/www.europesays.com\/fr\/wp-json\/wp\/v2\/types\/post"}],"author":[{"embeddable":true,"href":"https:\/\/www.europesays.com\/fr\/wp-json\/wp\/v2\/users\/2"}],"replies":[{"embeddable":true,"href":"https:\/\/www.europesays.com\/fr\/wp-json\/wp\/v2\/comments?post=655439"}],"version-history":[{"count":0,"href":"https:\/\/www.europesays.com\/fr\/wp-json\/wp\/v2\/posts\/655439\/revisions"}],"wp:featuredmedia":[{"embeddable":true,"href":"https:\/\/www.europesays.com\/fr\/wp-json\/wp\/v2\/media\/655440"}],"wp:attachment":[{"href":"https:\/\/www.europesays.com\/fr\/wp-json\/wp\/v2\/media?parent=655439"}],"wp:term":[{"taxonomy":"category","embeddable":true,"href":"https:\/\/www.europesays.com\/fr\/wp-json\/wp\/v2\/categories?post=655439"},{"taxonomy":"post_tag","embeddable":true,"href":"https:\/\/www.europesays.com\/fr\/wp-json\/wp\/v2\/tags?post=655439"}],"curies":[{"name":"wp","href":"https:\/\/api.w.org\/{rel}","templated":true}]}}