{"id":655444,"date":"2026-01-11T04:49:13","date_gmt":"2026-01-11T04:49:13","guid":{"rendered":"https:\/\/www.europesays.com\/fr\/655444\/"},"modified":"2026-01-11T04:49:13","modified_gmt":"2026-01-11T04:49:13","slug":"cyclisme-interview-alexy-faure-prost-la-fusion-on-la-tous-decouvert-dans-la-presse","status":"publish","type":"post","link":"https:\/\/www.europesays.com\/fr\/655444\/","title":{"rendered":"Cyclisme. INTERVIEW &#8211; Alexy Faure Prost : \u00abLa fusion ? On l\u2019a tous d\u00e9couvert dans la presse\u2026\u00bb"},"content":{"rendered":"<p> Lire la suite de l&rsquo;article&#13;<\/p>\n<p>\u00a0<\/p>\n<p>&#13;<\/p>\n<p>\u00a0<\/p>\n<p>&#13;<br \/>\n\u00ab\u00a0La fusion ?\u00a0On l\u2019a tous d\u00e9couvert dans la presse, comme tout le monde\u00a0\u00bb&#13;<\/p>\n<p><strong>Salut Alexis, bienvenue sur Cyclism&rsquo;Actu. D\u00e9j\u00e0, qu\u2019est-ce que \u00e7a fait de porter ce nouveau maillot, ces nouvelles couleurs ? Comment se passent tes premiers jours ?<\/strong><\/p>\n<p>&#13;<\/p>\n<p>\u00c7a fait bizarre de changer de maillot. J\u2019ai port\u00e9 le m\u00eame pendant trois ans, donc c\u2019est particulier. Je suis vraiment content de porter ces nouvelles couleurs, dans une bonne ambiance, et ici \u00e0 Calpe c\u2019est toujours agr\u00e9able.<\/p>\n<p>&#13;<\/p>\n<p>\u00a0<\/p>\n<p>&#13;<\/p>\n<p><strong>Pour revenir un peu sur tes derni\u00e8res semaines, tes derniers mois : tu \u00e9tais chez Intermarch\u00e9-Wanty, maintenant tu es pass\u00e9 chez Picnic PostNL. Comment se sont pass\u00e9s ces derniers temps et comment s\u2019est d\u00e9roul\u00e9 ton transfert ?<\/strong><\/p>\n<p>&#13;<\/p>\n<p>Le transfert s\u2019est fait plut\u00f4t tard, avec la fusion que tout le monde conna\u00eet. Du coup, \u00e7a s\u2019est concr\u00e9tis\u00e9 sur le tard, mais maintenant tout est en ordre. Je me concentre sur la saison \u00e0 venir avec une nouvelle \u00e9quipe et beaucoup d\u2019ambition, dans le bon sens du terme.<\/p>\n<p>&#13;<\/p>\n<p>\u00a0<\/p>\n<p>&#13;<\/p>\n<p><strong>Avant de parler du futur, juste pour revenir un peu sur le pass\u00e9 et mettre du contexte : les \u00e9quipes Intermarch\u00e9-Wanty et Lotto ont fusionn\u00e9. Sur les 30 coureurs de la nouvelle \u00e9quipe, seuls 10 venaient d\u2019Intermarch\u00e9-Wanty. Tu faisais partie de ceux qui ont \u00e9t\u00e9 laiss\u00e9s de c\u00f4t\u00e9. Comment \u00e7a s\u2019est pass\u00e9 mentalement, chronologiquement ? Comment as-tu appris que c\u2019\u00e9tait fini et qu\u2019il fallait chercher une autre \u00e9quipe ?<\/strong><\/p>\n<p>&#13;<\/p>\n<p>On l\u2019a tous d\u00e9couvert dans la presse, comme tout le monde. Tous les coureurs ont vu \u00e7a dans les m\u00e9dias, donc \u00e7a a \u00e9t\u00e9 un choc pour tout le monde. C\u2019est pour \u00e7a que la fin de saison a \u00e9t\u00e9 compliqu\u00e9e pour certains. Dans un premier temps, on a tous essay\u00e9 de retrouver une \u00e9quipe. Malheureusement, pour certains \u00e7a n\u2019a pas pu se faire. Je m\u2019estime d\u00e9j\u00e0 chanceux d\u2019avoir retrouv\u00e9 une \u00e9quipe, surtout en World Tour, donc je suis vraiment content de mon c\u00f4t\u00e9.<\/p>\n<p>&#13;<\/p>\n<p><strong>Tu as eu de tr\u00e8s belles ann\u00e9es chez les jeunes, notamment ta premi\u00e8re ann\u00e9e en U23, avec de beaux r\u00e9sultats. En revanche, ces deux derni\u00e8res ann\u00e9es en World Tour avec Intermarch\u00e9-Wanty ont \u00e9t\u00e9 plus difficiles. Est-ce que tu peux expliquer pourquoi tu as eu du mal \u00e0 passer ce petit cap au-dessus ?<\/strong><\/p>\n<p>&#13;<\/p>\n<p>D\u00e9j\u00e0, le niveau est tr\u00e8s diff\u00e9rent par rapport aux jeunes. Le World Tour a encore franchi un cap. M\u00eame si je n\u2019\u00e9tais pas l\u00e0 il y a cinq ou dix ans, d\u2019apr\u00e8s ce que disent les plus anciens, le niveau a vraiment augment\u00e9 ces derni\u00e8res ann\u00e9es. Il y a aussi eu quelques probl\u00e8mes de sant\u00e9 sur ces deux derni\u00e8res saisons, qui m\u2019ont un peu frein\u00e9 dans ma progression et dans mes performances. \u00c7a a forc\u00e9ment jou\u00e9 un r\u00f4le. Maintenant, tout est rentr\u00e9 dans l\u2019ordre, donc on va voir ce que \u00e7a donne.<\/p>\n<p>&#13;<\/p>\n<p>\u00a0<\/p>\n<p>&#13;<br \/>\nL&rsquo;interview de Warren Barguil&#13;<\/p>\n<p>&#13;<\/p>\n<p>\u00a0<\/p>\n<p>&#13;<br \/>\n\u00ab\u00a0Les plans ont aussi un peu chang\u00e9 avec le d\u00e9part d\u2019Oscar Onley\u00a0\u00bb&#13;<\/p>\n<p><strong>On voit de plus en plus de coureurs passer professionnels tr\u00e8s jeunes, d\u00e8s 19 ou 20 ans, et performer rapidement en World Tour. Toi, tu es pass\u00e9 par cet \u00e2ge-l\u00e0. Quel regard portes-tu sur ce \u00ab jeunisme \u00bb, sur le fait qu\u2019\u00e0 22 ou 23 ans on consid\u00e8re parfois qu\u2019il est d\u00e9j\u00e0 trop tard ?<\/strong><\/p>\n<p>&#13;<\/p>\n<p>Je pense que \u00e7a a beaucoup chang\u00e9 ces derni\u00e8res ann\u00e9es. Apr\u00e8s, je ne sais pas trop quoi dire de plus : c\u2019est aussi assez naturel. Tout le monde cherche \u00e0 recruter les talents le plus jeune possible pour \u00e9viter qu\u2019ils partent dans les grosses \u00e9quipes. Chaque structure essaie de d\u00e9nicher ses coureurs t\u00f4t et de les garder le plus longtemps possible. L\u00e0-dessus, on ne peut pas faire grand-chose. S\u2019il faut changer quelque chose, ce serait plut\u00f4t au niveau de la structure globale, peut-\u00eatre via l\u2019UCI et des r\u00e8gles \u00e0 mettre en place. Mais du point de vue des \u00e9quipes, c\u2019est assez logique.<\/p>\n<p>&#13;<\/p>\n<p><strong>Maintenant que tu es arriv\u00e9 dans l\u2019\u00e9quipe, quelle sera ta place dans l\u2019effectif ? Est-ce que tu sais d\u00e9j\u00e0 si tu auras plut\u00f4t un r\u00f4le d\u2019\u00e9quipier ou de leader sur certaines courses ?<\/strong><\/p>\n<p>&#13;<\/p>\n<p>Je peux avoir un peu de tout. Je sais que je vais souvent \u00eatre en soutien. Les plans ont aussi un peu chang\u00e9 avec le d\u00e9part d\u2019Oscar (Onley, ndlr) sur certaines courses o\u00f9 je devais \u00eatre en soutien total pour lui. Globalement, je serai surtout \u00e9quipier, mais j\u2019aurai aussi ma chance sur certaines courses. Et \u00e7a, \u00e7a me fait plaisir.<\/p>\n<p>&#13;<\/p>\n<p>\u00a0<\/p>\n<p>&#13;<\/p>\n<p><strong>Quels sont tes principaux objectifs pour la saison 2026 ?<\/strong><\/p>\n<p>&#13;<\/p>\n<p>D\u00e9j\u00e0, retrouver une bonne forme et mon meilleur niveau. J\u2019ai bien progress\u00e9 ces derni\u00e8res semaines depuis la reprise de l\u2019entra\u00eenement, je me sens mieux que les autres ann\u00e9es \u00e0 la m\u00eame p\u00e9riode. Maintenant, il faudra voir ce que \u00e7a donne en course. Je vais reprendre en France avec mes quatre premi\u00e8res courses : les Classiques du Var, le Tour des Alpes-Maritimes, puis le week-end suivant les Classiques de la Dr\u00f4me et de l\u2019Ard\u00e8che.<\/p>\n<p>&#13;<\/p>\n<p><strong>Tu vas faire un stage en altitude avant ?<\/strong><\/p>\n<p>&#13;<\/p>\n<p>Non, pas d\u2019altitude pour moi. On pr\u00e9f\u00e8re rester plus tranquille.<\/p>\n<p>&#13;<\/p>\n<p><strong>Quel sera ton programme ensuite ? Un grand tour peut-\u00eatre ?<\/strong><\/p>\n<p>&#13;<\/p>\n<p>On esp\u00e8re, et j\u2019esp\u00e8re aussi, faire un grand tour. On verra \u00e7a un peu plus tard. J\u2019aimerais vraiment d\u00e9couvrir un grand tour cette ann\u00e9e. Il y aura aussi normalement la d\u00e9couverte de mon premier monument, apr\u00e8s les Strade Bianche. Je suis vraiment excit\u00e9 par cette partie de saison au mois de mars, avec un tr\u00e8s beau programme.<\/p>\n<p>&#13;<\/p>\n<p><strong>Pour finir, qu\u2019est-ce qu\u2019on peut te souhaiter pour cette ann\u00e9e 2026 ? Qu\u2019est-ce qui ferait de 2026 une saison r\u00e9ussie pour toi ?<\/strong><\/p>\n<p>&#13;<\/p>\n<p>Une ann\u00e9e r\u00e9ussie, ce serait d\u2019\u00eatre heureux \u00e0 la fin de la saison, d\u2019avoir bien perform\u00e9 et d\u2019avoir trouv\u00e9 ma place dans le peloton.<\/p>\n","protected":false},"excerpt":{"rendered":"Lire la suite de l&rsquo;article&#13; \u00a0 &#13; \u00a0 &#13; \u00ab\u00a0La fusion ?\u00a0On l\u2019a tous d\u00e9couvert dans la presse,&hellip;\n","protected":false},"author":2,"featured_media":655445,"comment_status":"","ping_status":"","sticky":false,"template":"","format":"standard","meta":{"footnotes":""},"categories":[1411],"tags":[1154,207,211,1011,27,2173,209,60,210,212,208,213],"class_list":{"0":"post-655444","1":"post","2":"type-post","3":"status-publish","4":"format-standard","5":"has-post-thumbnail","7":"category-cyclisme","8":"tag-cycling","9":"tag-cyclisme","10":"tag-ffc","11":"tag-fr","12":"tag-france","13":"tag-interview","14":"tag-route","15":"tag-sports","16":"tag-tour-de-france","17":"tag-uci","18":"tag-velo","19":"tag-world-tour"},"share_on_mastodon":{"url":"https:\/\/pubeurope.com\/@fr\/115874664484437902","error":""},"_links":{"self":[{"href":"https:\/\/www.europesays.com\/fr\/wp-json\/wp\/v2\/posts\/655444","targetHints":{"allow":["GET"]}}],"collection":[{"href":"https:\/\/www.europesays.com\/fr\/wp-json\/wp\/v2\/posts"}],"about":[{"href":"https:\/\/www.europesays.com\/fr\/wp-json\/wp\/v2\/types\/post"}],"author":[{"embeddable":true,"href":"https:\/\/www.europesays.com\/fr\/wp-json\/wp\/v2\/users\/2"}],"replies":[{"embeddable":true,"href":"https:\/\/www.europesays.com\/fr\/wp-json\/wp\/v2\/comments?post=655444"}],"version-history":[{"count":0,"href":"https:\/\/www.europesays.com\/fr\/wp-json\/wp\/v2\/posts\/655444\/revisions"}],"wp:featuredmedia":[{"embeddable":true,"href":"https:\/\/www.europesays.com\/fr\/wp-json\/wp\/v2\/media\/655445"}],"wp:attachment":[{"href":"https:\/\/www.europesays.com\/fr\/wp-json\/wp\/v2\/media?parent=655444"}],"wp:term":[{"taxonomy":"category","embeddable":true,"href":"https:\/\/www.europesays.com\/fr\/wp-json\/wp\/v2\/categories?post=655444"},{"taxonomy":"post_tag","embeddable":true,"href":"https:\/\/www.europesays.com\/fr\/wp-json\/wp\/v2\/tags?post=655444"}],"curies":[{"name":"wp","href":"https:\/\/api.w.org\/{rel}","templated":true}]}}