{"id":655450,"date":"2026-01-11T04:54:10","date_gmt":"2026-01-11T04:54:10","guid":{"rendered":"https:\/\/www.europesays.com\/fr\/655450\/"},"modified":"2026-01-11T04:54:10","modified_gmt":"2026-01-11T04:54:10","slug":"star-academy-2025-une-projection-de-jonathan-jenvrin-qui-savait-chanter-m-pokora-taquine-le-professeur-de-danse-en-plein-direct-diverto","status":"publish","type":"post","link":"https:\/\/www.europesays.com\/fr\/655450\/","title":{"rendered":"Star Academy 2025 : &quot;Une projection de Jonathan Jenvrin qui savait chanter&quot; : M. Pokora taquine le professeur de danse en plein direct &#8211; Diverto"},"content":{"rendered":"<ol>\n<li><a href=\"https:\/\/news.google.com\/rss\/articles\/CBMi-gFBVV95cUxQaS0yRmNCQUREQ0U5OXh3aXhoMWVpVzhtRmtSd3ZYSFdVazVXenNpd19BZkZoWFNaeWJMTzNqRmo3SG1jVENFczU0Z1Z0R3BuTHYzeFVZSVpRcUNwUENxY1l5Rzk3WFhyQVMwWnFIV2gwSURmQlNrdDM4SDNIaWQ3ejJ2WGlpU0dHYnowYWNDaENWZ0ZvSkJwOTdndUVjdkxQYjhUNG1iYVFhOGY0YTNfN0ozZzlVc0REMVRlZnB0MGczbFR5cTBnbjZSMnZ0ak9BVF9FVmpxbGo2a3M4U0xXeExna29mcXRXblprbEhPRU1JNHdPZTRZWjd3?oc=5\" target=\"_blank\" rel=\"noopener\">Star Academy 2025 : \u00ab\u00a0Une projection de Jonathan Jenvrin qui savait chanter\u00a0\u00bb : M. Pokora taquine le professeur de danse en plein direct<\/a>&nbsp;&nbsp;Diverto<\/li>\n<li><a href=\"https:\/\/news.google.com\/rss\/articles\/CBMiugJBVV95cUxQdkhQYUo1UVI0N2FIMGRqTHJOTllEQW5lajdNeEZhcVZVTWJGOVFPdjhBWkR0b3BIcHN0TFJmQWdTbXVZTk1wRFdZV1ltcERRN1lYU094aVd1a0VfRUFHcVplVkdLV1VCOGl0dnYyZXRtMG5uZjBtaWdhWExoS012eThENHEtaDNYU3lPSGt3RExHdkpValZxaUgtTXdnMHp1SnVDWGNPeGd2amxiblJJNGZiN3BWRzlodWFoNjNrVnlGUGRVbnNldU82MHFIRGQ4OFZQcFE2YkJJZm5sY3YzN2UxcW1ka1AyclFjZGo2ODFyeU5fT1dndG5ZeENTczhPYzBpRkNyQ041SF9KcmozSG4zc19hQ01OQXpSUklPMC0xdzJ4NmpoZHpISlFvN3pWODhiNWFWY0d2dw?oc=5\" target=\"_blank\" rel=\"noopener\">Jonathan Jenvrin, le danseur surdou\u00e9 et nouveau professeur de la Star Academy r\u00e9v\u00e8le ses ambitions: \u00ab\u00a0Je suis bluff\u00e9 par leurs prestations\u00a0\u00bb<\/a>&nbsp;&nbsp;parismatch.be<\/li>\n<li><a href=\"https:\/\/news.google.com\/rss\/articles\/CBMi4gFBVV95cUxPQ1JVQnk1RWlSamJQRVRjSE0tMmRvOEtWZ1RaZm5ENmxnYlhNbXVGY1hfbTJOZFkzVEVhZXhxdW1CLUNwMlBjNC1ub2poMi1sZFNpUGV2YXN0X1hiSUN1TVB2NXpvNEgweHZUMXdCRTRHTFRkNy1zanFMY0lIXzFwSURDenVyS0YzTVFTNWdBcEt0emtnYXZuOHk4MGZMQ3dDUjBENFlkaEo4Q1JSOXN5TmY0WVJMbkhFZ0tDWkNfa3lOdlctbTZXb2I4aHZfY0lrV0x3cTh0ZlFmRHJNR1ZaMFZn?oc=5\" target=\"_blank\" rel=\"noopener\">Star Academy. Jonathan Jenvrin, le Lyonnais au destin fulgurant se confie sur l&rsquo;\u00e9mission<\/a>&nbsp;&nbsp;Actu.fr<\/li>\n<li><a href=\"https:\/\/news.google.com\/rss\/articles\/CBMitAFBVV95cUxQT0ctaWZzNEF6UDdVU1pLXzFBdTBIbW9MX0NyZ1BHU3FhZkJCekhXTnQ2aE9YZWZVLVdZc1NsT2tNZGZhUUhlVGpjMXNNdFE4YTY2YXJzYUpFT1pHTXpyOEhEQjliNTRSZkJyS1piSFljSGpYVXRjVHJYUkJ4TlR5VkNZSlE3TVhUQ2diaE9rM2ZOMTVySFhUQW9GTW1temxfS3I0Z3kzWWV1TXdPdmF4MzlkMHI?oc=5\" target=\"_blank\" rel=\"noopener\">\u00ab Star Academy \u00bb : Jonathan Jenvrin fait une grande annonce \u00e0 un \u00e9l\u00e8ve<\/a>&nbsp;&nbsp;Soirmag<\/li>\n<li><a href=\"https:\/\/news.google.com\/rss\/articles\/CBMiekFVX3lxTE9icGYzMDdCWElIdEdVNndHX18tZVcwaV9BNzRXdlVpWFZZZzRyOG1mWTNlUTV5dWYwVGhKYmFveHdEUUN2aFpWVVZXZkh0UFp0azNSTVpIY0V3VjVmbFFMa1lPMW5QWWhvb1VNQ3VTbTZpX2FXMnZxS3F3?oc=5\" target=\"_blank\" rel=\"noopener\">\u00ab\u00a0Elle n\u2019a jamais pu marcher\u00a0\u00bb : Jonathan Jenvrin (Star Academy) raconte comment la maladie de sa m\u00e8re l\u2019a pouss\u00e9 \u00e0 devenir danseur<\/a>&nbsp;&nbsp;Yahoo Life France<\/li>\n<\/ol>\n","protected":false},"excerpt":{"rendered":"Star Academy 2025 : \u00ab\u00a0Une projection de Jonathan Jenvrin qui savait chanter\u00a0\u00bb : M. Pokora taquine le professeur&hellip;\n","protected":false},"author":2,"featured_media":395849,"comment_status":"","ping_status":"","sticky":false,"template":"","format":"standard","meta":{"footnotes":""},"categories":[1356],"tags":[58,59,1011,27,252,1364],"class_list":{"0":"post-655450","1":"post","2":"type-post","3":"status-publish","4":"format-standard","5":"has-post-thumbnail","7":"category-television","8":"tag-divertissement","9":"tag-entertainment","10":"tag-fr","11":"tag-france","12":"tag-television","13":"tag-tv"},"share_on_mastodon":{"url":"https:\/\/pubeurope.com\/@fr\/115874684297380006","error":""},"_links":{"self":[{"href":"https:\/\/www.europesays.com\/fr\/wp-json\/wp\/v2\/posts\/655450","targetHints":{"allow":["GET"]}}],"collection":[{"href":"https:\/\/www.europesays.com\/fr\/wp-json\/wp\/v2\/posts"}],"about":[{"href":"https:\/\/www.europesays.com\/fr\/wp-json\/wp\/v2\/types\/post"}],"author":[{"embeddable":true,"href":"https:\/\/www.europesays.com\/fr\/wp-json\/wp\/v2\/users\/2"}],"replies":[{"embeddable":true,"href":"https:\/\/www.europesays.com\/fr\/wp-json\/wp\/v2\/comments?post=655450"}],"version-history":[{"count":0,"href":"https:\/\/www.europesays.com\/fr\/wp-json\/wp\/v2\/posts\/655450\/revisions"}],"wp:featuredmedia":[{"embeddable":true,"href":"https:\/\/www.europesays.com\/fr\/wp-json\/wp\/v2\/media\/395849"}],"wp:attachment":[{"href":"https:\/\/www.europesays.com\/fr\/wp-json\/wp\/v2\/media?parent=655450"}],"wp:term":[{"taxonomy":"category","embeddable":true,"href":"https:\/\/www.europesays.com\/fr\/wp-json\/wp\/v2\/categories?post=655450"},{"taxonomy":"post_tag","embeddable":true,"href":"https:\/\/www.europesays.com\/fr\/wp-json\/wp\/v2\/tags?post=655450"}],"curies":[{"name":"wp","href":"https:\/\/api.w.org\/{rel}","templated":true}]}}