{"id":655454,"date":"2026-01-11T04:58:13","date_gmt":"2026-01-11T04:58:13","guid":{"rendered":"https:\/\/www.europesays.com\/fr\/655454\/"},"modified":"2026-01-11T04:58:13","modified_gmt":"2026-01-11T04:58:13","slug":"de-lhomme-repare-a-lhomme-augmente","status":"publish","type":"post","link":"https:\/\/www.europesays.com\/fr\/655454\/","title":{"rendered":"de l\u2019homme r\u00e9par\u00e9 \u00e0 l\u2019homme augment\u00e9 ?"},"content":{"rendered":"<p>    Depuis quelques ann\u00e9es, sont d\u00e9velopp\u00e9es des interfaces capables de \u00ab lire\u00a0\u00bb la volont\u00e9 de mouvement, et de la retraduire.<br \/>\n                Illustration &#8211; Elodie Mezi\u00e8re et Britt van Niekerk \/ Photos &#8211; Adobe Stock<\/p>\n<p>\n    <strong>CERVEAU CONNECT\u00c9 (2\/2) &#8211;<\/strong> \u00c0 ce jour, moins d\u2019une centaine de personnes dans le monde b\u00e9n\u00e9ficient d\u2019une \u00ab\u00a0interface cerveau machine\u00a0\u00bb. Cela pourrait-il n\u00e9anmoins devenir une routine neurochirurgicale\u00a0?<\/p>\n<p class=\"fig-paragraph\">En janvier 2024, Elon Musk annon\u00e7ait qu\u2019<a href=\"https:\/\/www.lefigaro.fr\/sciences\/neuralink-d-elon-musk-pourquoi-cette-evolution-technologique-n-est-pas-une-revolution-therapeutique-20200906\" data-fig-type=\"Article\" data-gtm-custom-categorie=\"navigation\" data-gtm-custom-action=\"crossclick\" data-gtm-custom-label=\"Contextuel\" data-gtm-event=\"customEventSPE\" data-fig-domain=\"LEFIGARO\" target=\"_blank\" rel=\"noopener\">un premier patient avait re\u00e7u l\u2019implant c\u00e9r\u00e9bral<\/a>\u00a0d\u00e9velopp\u00e9 par sa soci\u00e9t\u00e9 fond\u00e9e huit ans plus t\u00f4t, Neuralink.\u00a0<a href=\"https:\/\/www.lefigaro.fr\/sciences\/l-implant-cerebral-d-elon-musk-entre-espoir-et-fantasme-20200906\" data-fig-type=\"Article\" data-gtm-custom-categorie=\"navigation\" data-gtm-custom-action=\"crossclick\" data-gtm-custom-label=\"Contextuel\" data-gtm-event=\"customEventSPE\" data-fig-domain=\"LEFIGARO\" target=\"_blank\" rel=\"noopener\">Malgr\u00e9 une technologie avanc\u00e9e<\/a>, rien de bien impressionnant encore. Fin mars, le patient, un homme de 29 ans devenu t\u00e9trapl\u00e9gique apr\u00e8s un accident, pouvait seulement d\u00e9placer un curseur sur un \u00e9cran d\u2019ordinateur. D<a href=\"http:\/\/sante.lefigaro.fr\/medecine\/le-petit-club-tres-ferme-de-ceux-qui-pilotent-un-ordinateur-par-la-pensee-20260103\" data-fig-type=\"Article\" data-gtm-custom-categorie=\"navigation\" data-gtm-custom-action=\"crossclick\" data-gtm-custom-label=\"Contextuel\" data-gtm-event=\"customEventSPE\" data-fig-domain=\"SANTE\" target=\"_blank\" rel=\"noopener\">\u2019autres \u00e9quipes de recherche, elles, ont d\u00e9j\u00e0 r\u00e9ussi \u00e0 faire remarcher des patients ou \u00e0 leur rendre la parole\u00a0!<\/a>\u00a0Mais pour le champion am\u00e9ricain du transhumanisme, c\u2019\u00e9tait un premier pas vers l\u2019\u00ab homme augment\u00e9\u00a0\u00bb qu\u2019il appelle de ses v\u0153ux. \u00ab\u00a0Avec le temps, je pense que nous assisterons probablement \u00e0 une fusion plus \u00e9troite entre l\u2019intelligence biologique et l\u2019intelligence num\u00e9rique\u00a0\u00bb, lan\u00e7ait-il par exemple \u00e0 Duba\u00ef en 2020. Fin d\u00e9cembre, il annon\u00e7ait sur X la \u00ab\u00a0production \u00e0 grande \u00e9chelle\u00a0\u00bb de son dispositif, d\u00e9j\u00e0 implant\u00e9 sur 12 patients, selon Neuralink.<\/p>\n<p class=\"fig-paragraph\">Pourtant, si la longue marche des implants neuronaux\u2026<\/p>\n<p class=\"fig-premium-paywall__infos\">\n        Cet article est r\u00e9serv\u00e9 aux abonn\u00e9s.        Il vous reste 90% \u00e0 d\u00e9couvrir.\n    <\/p>\n<p>                <img  data- alt=\"Le Figaro\" class=\"fig-img--complete fig-img\"\/><\/p>\n<p class=\"fig-premium-paywall__title\">Le Figaro c\u00e9l\u00e8bre ses 200 ans<\/p>\n<p class=\"fig-premium-paywall__subtitle\">Offre anniversaire : 2\u20ac\/mois pendant 200 semaines<\/p>\n<p class=\"fig-premium-paywall__connect\">\n                D\u00e9j\u00e0 abonn\u00e9\u00a0?                <a class=\"fig-premium-paywall__connect-link\" href=\"https:\/\/connect.lefigaro.fr\/login?client=sante_web&amp;type=main&amp;redirect_uri=https%3A%2F%2Fsante.lefigaro.fr%2Fmedecine%2Fimplants-neuronaux-de-l-homme-repare-a-l-homme-augmente-20260110\" data-js-gtm=\"{&quot;customCategorie&quot;: &quot;conversion&quot;, &quot;customAction&quot;: &quot;before_Landing_Connexion_paywall_auto&quot;, &quot;customLabel&quot;: &quot;c2FudGUubGVmaWdhcm8uZnJfXzFmMGUyNzQ2LWZjYTYtNmQzMi1hNTdkLTM1YjliYzA1MDdhN19fQXJ0aWNsZQ==_Implants neuronaux\u00a0: de l\u2019homme r\u00e9par\u00e9 \u00e0 l\u2019homme augment\u00e9\u00a0?_51&quot;, &quot;customIDSPE&quot;: &quot;c2FudGUubGVmaWdhcm8uZnJfXzFmMGUyNzQ2LWZjYTYtNmQzMi1hNTdkLTM1YjliYzA1MDdhN19fQXJ0aWNsZQ==&quot;, &quot;event&quot;: &quot;customEventSPE&quot;}\" target=\"_blank\" rel=\"noopener\"><br \/>\n                    Connectez-vous<br \/>\n                <\/a>\n            <\/p>\n","protected":false},"excerpt":{"rendered":"Depuis quelques ann\u00e9es, sont d\u00e9velopp\u00e9es des interfaces capables de \u00ab lire\u00a0\u00bb la volont\u00e9 de mouvement, et de la&hellip;\n","protected":false},"author":2,"featured_media":655455,"comment_status":"","ping_status":"","sticky":false,"template":"","format":"standard","meta":{"footnotes":""},"categories":[10],"tags":[231,1011,27,72,71],"class_list":{"0":"post-655454","1":"post","2":"type-post","3":"status-publish","4":"format-standard","5":"has-post-thumbnail","7":"category-sante","8":"tag-cerveau","9":"tag-fr","10":"tag-france","11":"tag-health","12":"tag-sante"},"share_on_mastodon":{"url":"https:\/\/pubeurope.com\/@fr\/115874699881951185","error":""},"_links":{"self":[{"href":"https:\/\/www.europesays.com\/fr\/wp-json\/wp\/v2\/posts\/655454","targetHints":{"allow":["GET"]}}],"collection":[{"href":"https:\/\/www.europesays.com\/fr\/wp-json\/wp\/v2\/posts"}],"about":[{"href":"https:\/\/www.europesays.com\/fr\/wp-json\/wp\/v2\/types\/post"}],"author":[{"embeddable":true,"href":"https:\/\/www.europesays.com\/fr\/wp-json\/wp\/v2\/users\/2"}],"replies":[{"embeddable":true,"href":"https:\/\/www.europesays.com\/fr\/wp-json\/wp\/v2\/comments?post=655454"}],"version-history":[{"count":0,"href":"https:\/\/www.europesays.com\/fr\/wp-json\/wp\/v2\/posts\/655454\/revisions"}],"wp:featuredmedia":[{"embeddable":true,"href":"https:\/\/www.europesays.com\/fr\/wp-json\/wp\/v2\/media\/655455"}],"wp:attachment":[{"href":"https:\/\/www.europesays.com\/fr\/wp-json\/wp\/v2\/media?parent=655454"}],"wp:term":[{"taxonomy":"category","embeddable":true,"href":"https:\/\/www.europesays.com\/fr\/wp-json\/wp\/v2\/categories?post=655454"},{"taxonomy":"post_tag","embeddable":true,"href":"https:\/\/www.europesays.com\/fr\/wp-json\/wp\/v2\/tags?post=655454"}],"curies":[{"name":"wp","href":"https:\/\/api.w.org\/{rel}","templated":true}]}}