{"id":655462,"date":"2026-01-11T05:02:21","date_gmt":"2026-01-11T05:02:21","guid":{"rendered":"https:\/\/www.europesays.com\/fr\/655462\/"},"modified":"2026-01-11T05:02:21","modified_gmt":"2026-01-11T05:02:21","slug":"finalement-non-la-renault-r4-e-tech-nest-pas-du-tout-la-voiture-de-lannee-2026","status":"publish","type":"post","link":"https:\/\/www.europesays.com\/fr\/655462\/","title":{"rendered":"Finalement non, la Renault R4 E-Tech n&rsquo;est pas (du tout) la Voiture de l&rsquo;Ann\u00e9e 2026"},"content":{"rendered":"<p class=\"sc-9e1vpx-0 jVoltE\">De son c\u00f4t\u00e9, la Mercedes-Benz CLA s\u2019est impos\u00e9e comme le mod\u00e8le le plus souvent pl\u00e9biscit\u00e9 par le jury, r\u00e9coltant pas moins de 22 premi\u00e8res places. Elle devance la Citro\u00ebn C5 Aircross, choisie en t\u00eate par 15 journalistes. Sur la troisi\u00e8me marche du classement figure la Fiat Grande Panda, avec 9 premi\u00e8res places, suivie de pr\u00e8s par la \u0160koda Elroq, qui en totalise 8.<\/p>\n<p class=\"sc-9e1vpx-0 jVoltE\">De son c\u00f4t\u00e9, la Renault 4 n\u2019a s\u00e9duit aucun membre du jury cette ann\u00e9e, une forme de d\u00e9samour sans doute li\u00e9e \u00e0 son statut de successeur des pr\u00e9c\u00e9dents laur\u00e9ats, \u00e0 savoir les Renault 5 E-Tech et Renault Sc\u00e9nic.<\/p>\n","protected":false},"excerpt":{"rendered":"De son c\u00f4t\u00e9, la Mercedes-Benz CLA s\u2019est impos\u00e9e comme le mod\u00e8le le plus souvent pl\u00e9biscit\u00e9 par le jury,&hellip;\n","protected":false},"author":2,"featured_media":655463,"comment_status":"","ping_status":"","sticky":false,"template":"","format":"standard","meta":{"footnotes":""},"categories":[6],"tags":[35,33,34,1011,27],"class_list":{"0":"post-655462","1":"post","2":"type-post","3":"status-publish","4":"format-standard","5":"has-post-thumbnail","7":"category-economie","8":"tag-business","9":"tag-economie","10":"tag-economy","11":"tag-fr","12":"tag-france"},"share_on_mastodon":{"url":"https:\/\/pubeurope.com\/@fr\/115874715648376524","error":""},"_links":{"self":[{"href":"https:\/\/www.europesays.com\/fr\/wp-json\/wp\/v2\/posts\/655462","targetHints":{"allow":["GET"]}}],"collection":[{"href":"https:\/\/www.europesays.com\/fr\/wp-json\/wp\/v2\/posts"}],"about":[{"href":"https:\/\/www.europesays.com\/fr\/wp-json\/wp\/v2\/types\/post"}],"author":[{"embeddable":true,"href":"https:\/\/www.europesays.com\/fr\/wp-json\/wp\/v2\/users\/2"}],"replies":[{"embeddable":true,"href":"https:\/\/www.europesays.com\/fr\/wp-json\/wp\/v2\/comments?post=655462"}],"version-history":[{"count":0,"href":"https:\/\/www.europesays.com\/fr\/wp-json\/wp\/v2\/posts\/655462\/revisions"}],"wp:featuredmedia":[{"embeddable":true,"href":"https:\/\/www.europesays.com\/fr\/wp-json\/wp\/v2\/media\/655463"}],"wp:attachment":[{"href":"https:\/\/www.europesays.com\/fr\/wp-json\/wp\/v2\/media?parent=655462"}],"wp:term":[{"taxonomy":"category","embeddable":true,"href":"https:\/\/www.europesays.com\/fr\/wp-json\/wp\/v2\/categories?post=655462"},{"taxonomy":"post_tag","embeddable":true,"href":"https:\/\/www.europesays.com\/fr\/wp-json\/wp\/v2\/tags?post=655462"}],"curies":[{"name":"wp","href":"https:\/\/api.w.org\/{rel}","templated":true}]}}