{"id":655466,"date":"2026-01-11T05:04:14","date_gmt":"2026-01-11T05:04:14","guid":{"rendered":"https:\/\/www.europesays.com\/fr\/655466\/"},"modified":"2026-01-11T05:04:14","modified_gmt":"2026-01-11T05:04:14","slug":"on-se-sent-comme-des-fraudeurs-des-medecins-generalistes-de-lallier-dans-un-train-pour-aller-manifester-a-paris-la-montagne","status":"publish","type":"post","link":"https:\/\/www.europesays.com\/fr\/655466\/","title":{"rendered":"&quot;On se sent comme des fraudeurs&quot; : des m\u00e9decins g\u00e9n\u00e9ralistes de l\u2019Allier dans un train pour aller manifester \u00e0 Paris &#8211; La Montagne"},"content":{"rendered":"<ol>\n<li><a href=\"https:\/\/news.google.com\/rss\/articles\/CBMi_wFBVV95cUxOSFRpNTZUVFNoakh6dkJHSEg1SVZBNFpqV003WDdlWDdIY18wajRoNHR0aGZGXzlMbDVvRm52Qm5JXzE1QkNrYkpyUk5kREJNOC1mWlRLN1NlckNJUGZKUHlVZVVEcmlpQWFKZ0RVZXlQNE5QSjNTTkIwd3F3aTVvU0xYZmdCQUtXTUNFdjFtS3NPSlI3ZC1ac3EtUWplbU1WT2tDVFRqbm1aa2U1Yy1rd0ZSMjR6d2NWRGlMREJVd3hiR0pyVV92eHFjYWpzVFM4WTZPaF9XWk80U2ZVRU5wRFllVWdrakdsYWc0bmQ3T29WSERzaEhpV3BUV0pxbnc?oc=5\" target=\"_blank\" rel=\"noopener\">\u00ab\u00a0On se sent comme des fraudeurs\u00a0\u00bb : des m\u00e9decins g\u00e9n\u00e9ralistes de l\u2019Allier dans un train pour aller manifester \u00e0 Paris<\/a>&nbsp;&nbsp;La Montagne<\/li>\n<li><a href=\"https:\/\/news.google.com\/rss\/articles\/CBMi9wFBVV95cUxPTTNyd3RuOFJ1djdEaW54U1JGNllBZ0EtVW5lY1RDMWsxZDVNSDY1RXR2ZW1ReHduYkwxNHdTQ0tCZ1k4TU1QVlNsWkZTMXNEOHJ3NDlXSmNHdzRKX1hFT1dMNlNCWkxzanNuX21kV0xLcUxhbkltUVhLS3licmNDc0FEdkJYRGZvNkMxNHI0RDJxY0diYW9NT0lwM2Yzd0QzZDR4Z0kwanB2MS1TSnJ4ZzlZRGlMbHdsQ3hWSjdjRUhBeFF6VXYyWE16bmFhX3d1cnRZellLVWY3VUZrZXZXOVlwNmZCdXN2akpOY1NTVFhuWUtBWEg0?oc=5\" target=\"_blank\" rel=\"noopener\">Mobilisation des m\u00e9decins lib\u00e9raux \u00e0 Paris : \u00ab On est l\u00e0 pour dire notre attachement \u00e0 la libert\u00e9 d\u2019exercice \u00bb<\/a>&nbsp;&nbsp;Le Monde.fr<\/li>\n<li><a href=\"https:\/\/news.google.com\/rss\/articles\/CBMioAJBVV95cUxONkREcmdaUk1jZUh2dnQ0cVVyRWNZd19fUHE5UHNtT3ZDdEVHOHJCcXlhZDNEWVVhUE1zb2x6QV9nSlpyVnBsSkFoeGxCUHo0VzhVTHhfdEtqSVFQY19wdFFWVlh6Q0RuVDY5dDRmOG9nNU5RekZRU09ibGlHWkdkN3JlTUNBTzlFRHJ3SUNQNnBXM0wwVk5DZnJTSkFFbU5qMlgtLWMwU3c0UDYtNk9VdXFLamdsY1ZMaFBpZTVHVF8wc1haZ2I1bFlzYXpXMDRQVjNPWFpieU1JNWhWY2VmZW5qN3ltVm5PNTY2X1BoWG1xOURsaXZJOFJCNmdFUEg0LTQ1OUJWNm8tRW16Vm1SNFA5Q1ZjcURlaTBYeUZHejI?oc=5\" target=\"_blank\" rel=\"noopener\">Gr\u00e8ve des m\u00e9decins : \u00ab\u00a0Le mouvement va se durcir \u00e0 partir d&rsquo;aujourd&rsquo;hui\u00a0\u00bb, pr\u00e9vient la pr\u00e9sidente du syndicat des jeunes m\u00e9decins<\/a>&nbsp;&nbsp;France Info<\/li>\n<li><a href=\"https:\/\/news.google.com\/rss\/articles\/CBMiiwJBVV95cUxQZU9wOUZDdU1qZVJzOVZkcXMwbXZTMnZjaHB5OGNDY0hpLW5oQkE4QWxDRW5Rd0JIZ2RRMkNlbGlsdUNKdHltd1c2OWdEaVI1ZjZqSllzazFHQmtyQi1hdGlXb1h2ckRrLTY4MmtHZ3ZWVVZhZkJfTDh1TENPRUotNTJROVdHRjRjaFpZd0Q2UzVvUEE1QkRlekJ5Mm5MTUVhOUFOTjVrcVhEMm51S1dZNzY2MWl5NlFfT3hWdURaSmJ6NVZ6SXlHR0l6N3ZQcWdqcEthMFNLbDBKM0FSWVAteVROVnptM1ZlMWcxLUFfUlEzdkEtbmd1a3Zud2l5NENoa0FOanp5QWM4bVU?oc=5\" target=\"_blank\" rel=\"noopener\">\u00abTirer sur la m\u00e9decine lib\u00e9rale, c\u2019est tirer sur l\u2019acc\u00e8s aux soins des Fran\u00e7ais\u00bb : des milliers de m\u00e9decins manifestent dans les rues de Paris<\/a>&nbsp;&nbsp;Le Figaro<\/li>\n<li><a href=\"https:\/\/news.google.com\/rss\/articles\/CBMiqwFBVV95cUxPa1htRC04dE5odjJSX0hDMHBZYmV4V2JCLVhBbHlUbUhrMkk5MGJ2MmwySWp4S1RyNlQzRGpRcDdHUUc5VUZCWGNNZ3JiTmQyci11TlUzY0tPUjI5RFJmenQzdXBBTXk2OC1MakRNeGpVNW1fNWF0Um9MR01QNTlJSGRhVFJXUlEyazJ1OUhDLXdTUkNDQXl2U0pkeGVxZ0xmYXBIejc1N3I1UWs?oc=5\" target=\"_blank\" rel=\"noopener\">Les m\u00e9decins lib\u00e9raux en gr\u00e8ve contre une \u00ab d\u00e9rive autoritaire \u00bb<\/a>&nbsp;&nbsp;Mediapart<\/li>\n<\/ol>\n","protected":false},"excerpt":{"rendered":"\u00ab\u00a0On se sent comme des fraudeurs\u00a0\u00bb : des m\u00e9decins g\u00e9n\u00e9ralistes de l\u2019Allier dans un train pour aller manifester&hellip;\n","protected":false},"author":2,"featured_media":395849,"comment_status":"","ping_status":"","sticky":false,"template":"","format":"standard","meta":{"footnotes":""},"categories":[4],"tags":[11,1011,27,12,25],"class_list":{"0":"post-655466","1":"post","2":"type-post","3":"status-publish","4":"format-standard","5":"has-post-thumbnail","7":"category-france","8":"tag-actualites","9":"tag-fr","10":"tag-france","11":"tag-news","12":"tag-republique-francaise"},"share_on_mastodon":{"url":"https:\/\/pubeurope.com\/@fr\/115874723505800505","error":""},"_links":{"self":[{"href":"https:\/\/www.europesays.com\/fr\/wp-json\/wp\/v2\/posts\/655466","targetHints":{"allow":["GET"]}}],"collection":[{"href":"https:\/\/www.europesays.com\/fr\/wp-json\/wp\/v2\/posts"}],"about":[{"href":"https:\/\/www.europesays.com\/fr\/wp-json\/wp\/v2\/types\/post"}],"author":[{"embeddable":true,"href":"https:\/\/www.europesays.com\/fr\/wp-json\/wp\/v2\/users\/2"}],"replies":[{"embeddable":true,"href":"https:\/\/www.europesays.com\/fr\/wp-json\/wp\/v2\/comments?post=655466"}],"version-history":[{"count":0,"href":"https:\/\/www.europesays.com\/fr\/wp-json\/wp\/v2\/posts\/655466\/revisions"}],"wp:featuredmedia":[{"embeddable":true,"href":"https:\/\/www.europesays.com\/fr\/wp-json\/wp\/v2\/media\/395849"}],"wp:attachment":[{"href":"https:\/\/www.europesays.com\/fr\/wp-json\/wp\/v2\/media?parent=655466"}],"wp:term":[{"taxonomy":"category","embeddable":true,"href":"https:\/\/www.europesays.com\/fr\/wp-json\/wp\/v2\/categories?post=655466"},{"taxonomy":"post_tag","embeddable":true,"href":"https:\/\/www.europesays.com\/fr\/wp-json\/wp\/v2\/tags?post=655466"}],"curies":[{"name":"wp","href":"https:\/\/api.w.org\/{rel}","templated":true}]}}