{"id":655493,"date":"2026-01-11T05:29:19","date_gmt":"2026-01-11T05:29:19","guid":{"rendered":"https:\/\/www.europesays.com\/fr\/655493\/"},"modified":"2026-01-11T05:29:19","modified_gmt":"2026-01-11T05:29:19","slug":"n2-les-girondins-dans-la-souffrance-battent-bayonne-et-restent-solides-leaders","status":"publish","type":"post","link":"https:\/\/www.europesays.com\/fr\/655493\/","title":{"rendered":"N2 : Les Girondins dans la souffrance battent Bayonne et restent solides leaders"},"content":{"rendered":"<p><img decoding=\"async\" src=\"https:\/\/www.europesays.com\/fr\/wp-content\/uploads\/2026\/01\/671_4d953d7fc350e4ff4a75ad4088051532.jpg\" alt=\"N2 : Les Girondins dans la souffrance battent Bayonne et restent solides leaders\" class=\"img-responsive mt-3\"\/><\/p>\n<p class=\"text-center mb-3\" style=\"font-size: 14px\">\u00a9 Iconsport<\/p>\n<p>      <strong>Un but, un gardien infranchissable et trois points pour rester leader<\/strong><\/p>\n<p style=\"text-align: justify;\">Les Girondins de bordeaux accueillent une \u00e9quipe de l\u2019Aviron Bayonnais qui dispose de quatre moins de budget que les Girondins et qui occupe la troisi\u00e8me place du championnat. Bruno Irl\u00e8s doit faire face \u00e0 plusieurs absences (<a href=\"https:\/\/www.webgirondins.com\/actualite-girondins-bordeaux-bayonne-la-composition-d-equipe-des-girondins-pour-la-14e-journee-de-national-2-131745\" target=\"_blank\" rel=\"noopener\">voir le 11 de d\u00e9part ici<\/a>).<\/p>\n<p><strong>Villette la perfection aux Girondins<\/strong><\/p>\n<p style=\"text-align: justify;\">Bordeaux presse haut d\u00e8s le d\u00e9but du match pour g\u00eaner les relances basques. C\u2019est tr\u00e8s brouillon dans ses premi\u00e8res minutes de jeu. La premi\u00e8re offensive vient d\u2019un centre d\u2019Arn\u00e9 pour Bahassa qui place une t\u00eate \u00e0 c\u00f4t\u00e9 du but de l\u2019Aviron. Sur une contre-attaque \u00e9clair, Matthieu Villette, bien servi par Tidyane Diagouraga, ouvre le score pour les Girondins de Bordeaux \u00e0 la 9e minute de jeu. C\u2019est son 8e but de la saison toutes comp\u00e9titions confondues.<\/p>\n<p><strong>Le mur de l\u2019Atlantique pour ma\u00eetriser l\u2019Aviron bayonnais<\/strong><\/p>\n<p style=\"text-align: justify;\">Les visiteurs r\u00e9agissent par De Lima sur le c\u00f4t\u00e9 droit, et Bordeaux d\u00e9gage en corner (13e). La d\u00e9fense basque est prise de vitesse et le milieu bordelais fait sa loi avec notamment un tr\u00e8s bon Tidyane Diagouraga. De Lima met le feu dans la d\u00e9fense bordelaise et oblige Hoekstra \u00e0 faire une parade (26e).<\/p>\n<p style=\"text-align: justify;\">Bordeaux contr\u00f4le bien l&rsquo;\u00e9quipe d\u2019Alain Pochat et g\u00e8re parfaitement les temps forts et faibles. Bayonne frappe \u00e0 la 40e minute, et Hoekstra sort une parade sur sa ligne. C\u2019est de,l\u2019attaque d\u00e9fense, Bordeaux est bloc bas. Sur une nouvelle contre-attaque, Royce Openda lanc\u00e9e en profondeur tire au-dessus du but de l\u2019Aviron. Il est moins tranchant que d\u2019habitude l\u2019international gabonais. La mi-temps est siffl\u00e9e sur cet avantage de 1 \u00e0 0 pour les hommes de Bruno Irl\u00e8s.<\/p>\n<p><strong>Bayonne fait le si\u00e8ge du but des Girondins<\/strong><\/p>\n<p style=\"text-align: justify;\">Bayonne entame tambour battant leur deuxi\u00e8me p\u00e9riode et met la pression sur le but bordelais. Hoekstra sort une parade \u00e0 la 49e minute de jeu sur une frappe puissante. \u00c0 la 54e minute, Hoekstra sauve la patrie avec un arr\u00eat de la main sur sa ligne sur une t\u00eate \u00e0 bout portant. C\u2019est Bayonne qui est ma\u00eetre du jeu. Bahassa laisse sa place \u00e0 Faissal Manna\u00ef. Diagouraga conc\u00e8de un coup franc \u00e0 19 m\u00e8tres de son but et se fait avertir (69e), Hoekstra sort une nouvelle parade.<\/p>\n<p style=\"text-align: justify;\">C\u2019est le feu sur le but des Girondins, c\u2019est un miracle de ne pas avoir encore encaiss\u00e9 un but. \u00c0 la 76e minute, Openda est remplac\u00e9 par Rizaldos, et Villette par Shamal. Bordeaux est incapable de garer le ballon. Driss Trichard se fait avertir d&rsquo;un carton jaune. Nathan Besse, d\u00e9fenseur central, remplace P-B Arn\u00e9 \u00e0 la 90e minute de jeu. Jan Hoesktra se fait avertir d&rsquo;un carton jaune.<\/p>\n<p>Le match se termine sur ce score, le contrat est rempli pour les Girondins qui confortent leur place de leader.<\/p>\n<p style=\"text-align: justify;\">&gt;&gt; <strong><a href=\"https:\/\/www.webgirondins.com\/classement-girondins-national-2\" target=\"_blank\" rel=\"noopener\">Voir le classement de National 2<\/a><\/strong><\/p>\n<p style=\"text-align: justify;\">Regarder le <a href=\"https:\/\/www.youtube.com\/watch?v=IqqzQ4VUd04\" target=\"_blank\" rel=\"noopener\">D\u00e9brief \u00e0 Chaud de cette rencontre aussi sur YouTube<\/a> :<\/p>\n<p>Ce navigateur ne supporte pas les iframes<\/p>\n<p style=\"text-align: justify;\">\u00a0<\/p>\n","protected":false},"excerpt":{"rendered":"\u00a9 Iconsport Un but, un gardien infranchissable et trois points pour rester leader Les Girondins de bordeaux accueillent&hellip;\n","protected":false},"author":2,"featured_media":655494,"comment_status":"","ping_status":"","sticky":false,"template":"","format":"standard","meta":{"footnotes":""},"categories":[2817],"tags":[1111,11,3529,3810,22862,43478,9202,1997,1446,31050,1777,674,2823,1011,27,1987,37601,3289,4564,955,12,2219,471,7910,25,21339,61369,75831,4028],"class_list":{"0":"post-655493","1":"post","2":"type-post","3":"status-publish","4":"format-standard","5":"has-post-thumbnail","7":"category-bordeaux","8":"tag-actu","9":"tag-actualites","10":"tag-assure","11":"tag-aviron","12":"tag-battent","13":"tag-bayonnais","14":"tag-bayonne","15":"tag-bordeaux","16":"tag-dans","17":"tag-essentiel","18":"tag-eu","19":"tag-europe","20":"tag-face","21":"tag-fr","22":"tag-france","23":"tag-girondins","24":"tag-leaders","25":"tag-leur","26":"tag-mais","27":"tag-match","28":"tag-news","29":"tag-nouvelle-aquitaine","30":"tag-pour","31":"tag-premier","32":"tag-republique-francaise","33":"tag-restent","34":"tag-solides","35":"tag-souffert","36":"tag-souffrance"},"share_on_mastodon":{"url":"https:\/\/pubeurope.com\/@fr\/115874821750937081","error":""},"_links":{"self":[{"href":"https:\/\/www.europesays.com\/fr\/wp-json\/wp\/v2\/posts\/655493","targetHints":{"allow":["GET"]}}],"collection":[{"href":"https:\/\/www.europesays.com\/fr\/wp-json\/wp\/v2\/posts"}],"about":[{"href":"https:\/\/www.europesays.com\/fr\/wp-json\/wp\/v2\/types\/post"}],"author":[{"embeddable":true,"href":"https:\/\/www.europesays.com\/fr\/wp-json\/wp\/v2\/users\/2"}],"replies":[{"embeddable":true,"href":"https:\/\/www.europesays.com\/fr\/wp-json\/wp\/v2\/comments?post=655493"}],"version-history":[{"count":0,"href":"https:\/\/www.europesays.com\/fr\/wp-json\/wp\/v2\/posts\/655493\/revisions"}],"wp:featuredmedia":[{"embeddable":true,"href":"https:\/\/www.europesays.com\/fr\/wp-json\/wp\/v2\/media\/655494"}],"wp:attachment":[{"href":"https:\/\/www.europesays.com\/fr\/wp-json\/wp\/v2\/media?parent=655493"}],"wp:term":[{"taxonomy":"category","embeddable":true,"href":"https:\/\/www.europesays.com\/fr\/wp-json\/wp\/v2\/categories?post=655493"},{"taxonomy":"post_tag","embeddable":true,"href":"https:\/\/www.europesays.com\/fr\/wp-json\/wp\/v2\/tags?post=655493"}],"curies":[{"name":"wp","href":"https:\/\/api.w.org\/{rel}","templated":true}]}}