{"id":655497,"date":"2026-01-11T05:31:19","date_gmt":"2026-01-11T05:31:19","guid":{"rendered":"https:\/\/www.europesays.com\/fr\/655497\/"},"modified":"2026-01-11T05:31:19","modified_gmt":"2026-01-11T05:31:19","slug":"toulouse-simpose-aux-tirs-au-but-a-angers","status":"publish","type":"post","link":"https:\/\/www.europesays.com\/fr\/655497\/","title":{"rendered":"Toulouse s\u2019impose aux tirs au but \u00e0 Angers"},"content":{"rendered":"<p><strong>Angers (L1) &#8211; Toulouse (L1)\u00a0: 1-1 (5-6 tab)<\/strong><\/p>\n<p>Les Toulousains se sont fait peur apr\u00e8s avoir domin\u00e9 l\u2019essentiel de la rencontre, ce samedi, au stade Raymond-Kopa. Apr\u00e8s l\u2019ouverture du score par Santiago Hidalgo (0-1, 47e), ils ont perdu pied dans le dernier quart d\u2019heure, conc\u00e9dant l\u2019\u00e9galisation dans le temps additionnel, par Amine Sba\u00ef sur penalty (1-1, 90e+\u00a01).<\/p>\n<p>Les joueurs de la Ville rose atteignent pour la deuxi\u00e8me ann\u00e9e de suite les 8es de finale. C\u2019est la premi\u00e8re fois qu\u2019ils \u00e9liminent un autre club de l\u2019\u00e9lite depuis leur finale gagn\u00e9e en 2023 contre Nantes. Pour Angers, les frissons en Coupe se font plus rares depuis la finale de 2017 et face aux Toulousains, qu\u2019ils ont battus en championnat fin novembre (1-0), les Angevins n\u2019ont pas non plus \u00e9t\u00e9 tr\u00e8s emballants.<\/p>\n<p>Hidalgo fr\u00f4le le doubl\u00e9<\/p>\n<p>Toulouse a frapp\u00e9 en premier, gr\u00e2ce \u00e0 son attaquant argentin, \u00e0 la conclusion d\u2019une action commenc\u00e9e par une longue touche de l\u2019Am\u00e9ricain Mark McKenzie. Le jeune buteur, \u00e2g\u00e9 de 20\u00a0ans, auteur de trois r\u00e9alisations cette saison, n\u2019a pas \u00e9t\u00e9 loin du doubl\u00e9, mais le gardien angevin Oumar Pona a sorti la parade du pied qu\u2019il fallait (57e).<\/p>\n<p>Faute d\u2019avoir r\u00e9ussi le break, Toulouse s\u2019est expos\u00e9 au retour du SCO qui ne s\u2019est pas priv\u00e9 de l\u2019opportunit\u00e9. Elle est venue dans le temps additionnel, \u00e0 la suite d\u2019une faute de Charlie Cresswell sur Prosper Peter dans la surface de r\u00e9paration.<\/p>\n<p>Sba\u00ef a transform\u00e9 le penalty, pour envoyer les deux \u00e9quipes aux tirs au but. Pona a d\u00e9vi\u00e9 la premi\u00e8re tentative toulousaine de McKenzie, et semblait parti pour endosser le costume de h\u00e9ros angevin de l\u2019apr\u00e8s-midi. Mais c\u2019est Haug qui a eu le dernier mot, en arr\u00eatant les tirs de Lanroy Manchine puis Courcoul.<\/p>\n<p><strong>Mi-Temps\u00a0:<\/strong> 0-0.<br \/><strong>Arbitre\u00a0:<\/strong> M. Bollengier.<strong><br \/>Buts\u00a0:<\/strong> pour Angers, Sba\u00ef (90e)\u00a0; pour Toulouse, Hidalgo (47e).<br \/><strong>Avertissements\u00a0: <\/strong>\u00e0 Angers, Ekomi\u00e9 (23e), Belkhdim (50e), Capelle (69e), Belkebla (91e), Mouton (91e)\u00a0; \u00e0 Toulouse, Diop (56e), Hidalgo (68e), Haug (91e).<\/p>\n","protected":false},"excerpt":{"rendered":"Angers (L1) &#8211; Toulouse (L1)\u00a0: 1-1 (5-6 tab) Les Toulousains se sont fait peur apr\u00e8s avoir domin\u00e9 l\u2019essentiel&hellip;\n","protected":false},"author":2,"featured_media":655498,"comment_status":"","ping_status":"","sticky":false,"template":"","format":"standard","meta":{"footnotes":""},"categories":[2816],"tags":[1111,11,52302,1777,674,63,1011,27,13291,12,2680,25,60,2312],"class_list":{"0":"post-655497","1":"post","2":"type-post","3":"status-publish","4":"format-standard","5":"has-post-thumbnail","7":"category-toulouse","8":"tag-actu","9":"tag-actualites","10":"tag-coupe-de-france-football","11":"tag-eu","12":"tag-europe","13":"tag-football","14":"tag-fr","15":"tag-france","16":"tag-maine-et-loire","17":"tag-news","18":"tag-occitanie","19":"tag-republique-francaise","20":"tag-sports","21":"tag-toulouse"},"share_on_mastodon":{"url":"https:\/\/pubeurope.com\/@fr\/115874829613272809","error":""},"_links":{"self":[{"href":"https:\/\/www.europesays.com\/fr\/wp-json\/wp\/v2\/posts\/655497","targetHints":{"allow":["GET"]}}],"collection":[{"href":"https:\/\/www.europesays.com\/fr\/wp-json\/wp\/v2\/posts"}],"about":[{"href":"https:\/\/www.europesays.com\/fr\/wp-json\/wp\/v2\/types\/post"}],"author":[{"embeddable":true,"href":"https:\/\/www.europesays.com\/fr\/wp-json\/wp\/v2\/users\/2"}],"replies":[{"embeddable":true,"href":"https:\/\/www.europesays.com\/fr\/wp-json\/wp\/v2\/comments?post=655497"}],"version-history":[{"count":0,"href":"https:\/\/www.europesays.com\/fr\/wp-json\/wp\/v2\/posts\/655497\/revisions"}],"wp:featuredmedia":[{"embeddable":true,"href":"https:\/\/www.europesays.com\/fr\/wp-json\/wp\/v2\/media\/655498"}],"wp:attachment":[{"href":"https:\/\/www.europesays.com\/fr\/wp-json\/wp\/v2\/media?parent=655497"}],"wp:term":[{"taxonomy":"category","embeddable":true,"href":"https:\/\/www.europesays.com\/fr\/wp-json\/wp\/v2\/categories?post=655497"},{"taxonomy":"post_tag","embeddable":true,"href":"https:\/\/www.europesays.com\/fr\/wp-json\/wp\/v2\/tags?post=655497"}],"curies":[{"name":"wp","href":"https:\/\/api.w.org\/{rel}","templated":true}]}}