{"id":655505,"date":"2026-01-11T05:36:17","date_gmt":"2026-01-11T05:36:17","guid":{"rendered":"https:\/\/www.europesays.com\/fr\/655505\/"},"modified":"2026-01-11T05:36:17","modified_gmt":"2026-01-11T05:36:17","slug":"lunion-des-democrates-musulmans-francais-udmf-se-presentera-a-venissieux","status":"publish","type":"post","link":"https:\/\/www.europesays.com\/fr\/655505\/","title":{"rendered":"l&rsquo;Union des d\u00e9mocrates musulmans fran\u00e7ais (UDMF) se pr\u00e9sentera \u00e0 V\u00e9nissieux"},"content":{"rendered":"<p itemprop=\"description\"><strong>Ce vendredi, une nouvelle liste s&rsquo;est rajout\u00e9e dans l&rsquo;\u00e9quation de la passionnante \u00e9lection municipale de V\u00e9nissieux.<\/strong><\/p>\n<p>L&rsquo;Union des d\u00e9mocrates musulmans fran\u00e7ais (UDMF) a annonc\u00e9 vouloir pr\u00e9senter des candidats dans deux villes du pays en mars prochain. Outre V\u00e9nissieux, Nanterre devrait aussi pouvoir compter sur une liste UDMF, \u00ab\u00a0la seule liste citoyenne avec des gens issus de tous les quartiers\u00a0\u00bb, promet le fondateur Nagib Azergui \u00e0 l&rsquo;AFP.<\/p>\n<p>C&rsquo;est Farid Omeir qui conduira les listes \u00e0 V\u00e9nissieux. Pr\u00e9sident de l&rsquo;UDMF, il n&rsquo;est pas un inconnu pour les Rhodaniens, puisqu&rsquo;il s&rsquo;\u00e9tait d\u00e9j\u00e0 pr\u00e9sent\u00e9 aux r\u00e9gionales 2021 en Auvergne-Rh\u00f4ne-Alpes en tant que candidat de la liste Agir pour ne plus subir, d\u00e9j\u00e0 soutenu par l&rsquo;UDMF. Il ne d\u00e9passait alors pas le 1% des voix \u00e0 l&rsquo;\u00e9chelle r\u00e9gionale, faisant son meilleur score dans la M\u00e9tropole avec 0,92%.<\/p>\n<p>Le parti, qui se d\u00e9fend d&rsquo;\u00eatre communautaire mais plut\u00f4t de lutter contre l&rsquo;islamophobie, avait \u00e9t\u00e9 aussi pr\u00e9sent en 2020 aux \u00e9lections m\u00e9tropolitaines, obtenant 2,68% des voix dans la circonscription Portes du Sud et 2,21% dans Rh\u00f4ne Amont. Tandis que les annonces de candidatures \u00e0 Villeurbanne et \u00e0 Vaulx-en-Velin n&rsquo;aboutissaient pas.<\/p>\n<p>Si les propositions de Farid Omeir pour V\u00e9nissieux ne sont pas encore connues, l&rsquo;UDMF entend remporter Nanterre pour la jumeler avec une ville palestinienne, r\u00e9server 10% des emplois cr\u00e9\u00e9s aux Nanterriens et faire en sorte que les locataires install\u00e9s depuis plus de 15 ans dans leur logement puissent en devenir propri\u00e9taires. A voir si elles seront dupliqu\u00e9es dans la 3e ville du Rh\u00f4ne.<\/p>\n","protected":false},"excerpt":{"rendered":"Ce vendredi, une nouvelle liste s&rsquo;est rajout\u00e9e dans l&rsquo;\u00e9quation de la passionnante \u00e9lection municipale de V\u00e9nissieux. L&rsquo;Union des&hellip;\n","protected":false},"author":2,"featured_media":655506,"comment_status":"","ping_status":"","sticky":false,"template":"","format":"standard","meta":{"footnotes":""},"categories":[1889],"tags":[1111,11,2813,2190,2430,1109,251,1112,2811,1777,674,118,1011,27,1922,1110,1114,2428,2810,12,241,316,25,2812,517,800],"class_list":{"0":"post-655505","1":"post","2":"type-post","3":"status-publish","4":"format-standard","5":"has-post-thumbnail","7":"category-lyon","8":"tag-actu","9":"tag-actualites","10":"tag-article","11":"tag-asvel","12":"tag-auvergne-rhone-alpes","13":"tag-breves","14":"tag-culture","15":"tag-depeches","16":"tag-economique","17":"tag-eu","18":"tag-europe","19":"tag-faits-divers","20":"tag-fr","21":"tag-france","22":"tag-info","23":"tag-informations","24":"tag-infos","25":"tag-lyon","26":"tag-lyonmag","27":"tag-news","28":"tag-ol","29":"tag-politique","30":"tag-republique-francaise","31":"tag-sociale","32":"tag-sport","33":"tag-transports"},"share_on_mastodon":{"url":"https:\/\/pubeurope.com\/@fr\/115874849352337216","error":""},"_links":{"self":[{"href":"https:\/\/www.europesays.com\/fr\/wp-json\/wp\/v2\/posts\/655505","targetHints":{"allow":["GET"]}}],"collection":[{"href":"https:\/\/www.europesays.com\/fr\/wp-json\/wp\/v2\/posts"}],"about":[{"href":"https:\/\/www.europesays.com\/fr\/wp-json\/wp\/v2\/types\/post"}],"author":[{"embeddable":true,"href":"https:\/\/www.europesays.com\/fr\/wp-json\/wp\/v2\/users\/2"}],"replies":[{"embeddable":true,"href":"https:\/\/www.europesays.com\/fr\/wp-json\/wp\/v2\/comments?post=655505"}],"version-history":[{"count":0,"href":"https:\/\/www.europesays.com\/fr\/wp-json\/wp\/v2\/posts\/655505\/revisions"}],"wp:featuredmedia":[{"embeddable":true,"href":"https:\/\/www.europesays.com\/fr\/wp-json\/wp\/v2\/media\/655506"}],"wp:attachment":[{"href":"https:\/\/www.europesays.com\/fr\/wp-json\/wp\/v2\/media?parent=655505"}],"wp:term":[{"taxonomy":"category","embeddable":true,"href":"https:\/\/www.europesays.com\/fr\/wp-json\/wp\/v2\/categories?post=655505"},{"taxonomy":"post_tag","embeddable":true,"href":"https:\/\/www.europesays.com\/fr\/wp-json\/wp\/v2\/tags?post=655505"}],"curies":[{"name":"wp","href":"https:\/\/api.w.org\/{rel}","templated":true}]}}