{"id":655507,"date":"2026-01-11T05:37:20","date_gmt":"2026-01-11T05:37:20","guid":{"rendered":"https:\/\/www.europesays.com\/fr\/655507\/"},"modified":"2026-01-11T05:37:20","modified_gmt":"2026-01-11T05:37:20","slug":"a-lyon-plus-de-80-enfants-sans-toit-et-leurs-parents-mis-a-labri-dans-une-ecole-desaffectee-2","status":"publish","type":"post","link":"https:\/\/www.europesays.com\/fr\/655507\/","title":{"rendered":"A Lyon, plus de 80 enfants sans toit et leurs parents mis \u00e0 l\u2019abri dans une \u00e9cole d\u00e9saffect\u00e9e."},"content":{"rendered":"<p>Aucune autre alternative n\u2019a \u00e9t\u00e9 trouv\u00e9e. Des salles de classe transform\u00e9es en dortoir et r\u00e9fectoire\u00a0: plus de 80 enfants sans toit occupent avec leurs parents une \u00e9cole d\u00e9saffect\u00e9e de <a href=\"https:\/\/www.20minutes.fr\/lyon\/\" class=\"c-link c-link--is-underlined\" target=\"_blank\" rel=\"noopener\">Lyon<\/a>, une op\u00e9ration d\u2019une ampleur \u00ab\u00a0tr\u00e8s exceptionnelle\u00a0\u00bb men\u00e9e vendredi soir par un collectif en l\u2019absence de solution d\u2019<a href=\"https:\/\/www.20minutes.fr\/dossier\/hebergement\" class=\"c-link c-link--is-underlined\" target=\"_blank\" rel=\"noopener\">h\u00e9bergement<\/a>.<\/p>\n<\/p>\n<p>Des enseignants et des parents d\u2019\u00e9l\u00e8ves b\u00e9n\u00e9voles du <a href=\"https:\/\/www.facebook.com\/jamaissanstoit69\/?locale=fr_FR\" target=\"_blank\" class=\"c-link c-link--is-underlined\" rel=\"noopener\">collectif \u00ab\u00a0Jamais Sans Toit\u00a0\u00bb (JST) <\/a>ont install\u00e9 plus d\u2019une centaine de matelas dans le b\u00e2timent encore chauff\u00e9 pour y faire dormir 27 familles.<\/p>\n<p>\u00ab\u00a0Pas d\u2019autres options\u00a0\u00bb<\/p>\n<p>Depuis parfois deux ans, la plupart dormaient dans les \u00e9tablissements scolaires de leurs enfants, principal modus operandi de JST, un collectif n\u00e9 \u00e0 Lyon en\u00a02014 et qui recense actuellement \u00ab\u00a0315 enfants sans solution d\u2019h\u00e9bergement\u00a0\u00bb dans l\u2019agglom\u00e9ration.<\/p>\n<p>\u00ab\u00a0C\u2019est un peu ill\u00e9gal mais c\u2019est tol\u00e9r\u00e9 par les pouvoirs publics parce qu\u2019il n\u2019y a plus d\u2019autres options pour ces enfants et leurs familles\u00a0\u00bb, plaide Juliette Murtin, porte-parole de JST. Ils sont tous scolaris\u00e9s et leurs parents sont souvent r\u00e9fugi\u00e9s ou inscrits dans des parcours migratoires.<\/p>\n<p>La mairie de Lyon, qui ne voulait pas laisser ouvertes les \u00e9coles o\u00f9 dormaient habituellement les familles durant les vacances de No\u00ebl, a pay\u00e9 15 nuits d\u2019h\u00f4tel \u00e0 chacune d\u2019entre elles avant de les orienter vers des gymnases ouverts aux sans-abri par la pr\u00e9fecture du Rh\u00f4ne dans le cadre du Plan Grand Froid reconduit jusqu\u2019\u00e0 mardi.<\/p>\n<p>\u00ab\u00a0C\u2019est totalement insuffisant\u00a0\u00bb, s\u2019\u00e9meut Juliette Murtin, soulignant que les gymnases sont satur\u00e9s et que les enfants doivent y dormir au milieu d\u2019autres sans-abri adultes, ce que refusent certaines familles.<\/p>\n<p>L\u2019op\u00e9ration de vendredi, \u00ab\u00a0tr\u00e8s exceptionnelle \u00e0 cette \u00e9chelle\u00a0\u00bb, \u00e9tait \u00ab\u00a0la seule option\u00a0\u00bb, ajoute-t-elle. JST r\u00e9clame \u00e0 la pr\u00e9fecture \u00ab\u00a0un accompagnement social\u00a0\u00bb puis \u00ab\u00a0des solutions dignes et p\u00e9rennes pour chaque famille\u00a0\u00bb.<\/p>\n<p>\u00ab\u00a0On s\u2019\u00e9puise\u00a0\u00bb<\/p>\n<p>\u00ab\u00a0On refusait de remettre les familles s\u00e9par\u00e9ment dans les \u00e9coles parce que c\u2019\u00e9taient des conditions de vie indignes et que \u00e7a durait depuis plus d\u2019un an\u00a0\u00bb, mart\u00e8le Sonia Mirall\u00e8s, enseignante membre de JST qui a dormi sur place.<\/p>\n<p>\u00ab\u00a0Mais les parents et les enseignants ne sont pas des travailleurs sociaux, nous ne sommes pas form\u00e9s pour \u00e7a et on s\u2019\u00e9puise\u00a0\u00bb, rench\u00e9rit Faustine Chillet, m\u00e8re d\u2019\u00e9l\u00e8ve qui h\u00e9bergeait trois familles.<\/p>\n<p>Malgr\u00e9 l\u2019ouverture de 250 places, dont 220 dans deux gymnases lyonnais pour le plan Grand froid, la pr\u00e9fecture du Rh\u00f4ne plaide \u00ab\u00a0une saturation du syst\u00e8me d\u2019h\u00e9bergement d\u2019urgence parce que les personnes ne le quittent pas vers d\u2019autres solutions\u00a0\u00bb.<\/p>\n<p>\u00ab\u00a0Quelque 30\u00a0% sont accueillies depuis plus de cinq ans\u00a0\u00bb, explique \u00e0 l\u2019AFP la pr\u00e9fecture, selon qui l\u2019Etat finance chaque ann\u00e9e 27.000 places d\u2019h\u00e9bergement dans le Rh\u00f4ne pour 117\u00a0millions d\u2019euros.<\/p>\n<p>Selon l\u2019UNICEF, \u00e0 la rentr\u00e9e\u00a02025, 2.159 enfants \u00e9taient dans la rue avec leur famille en France, 30\u00a0% de plus qu\u2019en\u00a02022.<\/p>\n","protected":false},"excerpt":{"rendered":"Aucune autre alternative n\u2019a \u00e9t\u00e9 trouv\u00e9e. Des salles de classe transform\u00e9es en dortoir et r\u00e9fectoire\u00a0: plus de 80&hellip;\n","protected":false},"author":2,"featured_media":655508,"comment_status":"","ping_status":"","sticky":false,"template":"","format":"standard","meta":{"footnotes":""},"categories":[1889],"tags":[1111,47,11,2430,1777,674,1011,27,3447,2428,12,8916,25,2429,2431,104],"class_list":{"0":"post-655507","1":"post","2":"type-post","3":"status-publish","4":"format-standard","5":"has-post-thumbnail","7":"category-lyon","8":"tag-actu","9":"tag-actualite","10":"tag-actualites","11":"tag-auvergne-rhone-alpes","12":"tag-eu","13":"tag-europe","14":"tag-fr","15":"tag-france","16":"tag-froid","17":"tag-lyon","18":"tag-news","19":"tag-prefecture","20":"tag-republique-francaise","21":"tag-rhone","22":"tag-rhone-alpes","23":"tag-societe"},"share_on_mastodon":{"url":"https:\/\/pubeurope.com\/@fr\/115874853184393115","error":""},"_links":{"self":[{"href":"https:\/\/www.europesays.com\/fr\/wp-json\/wp\/v2\/posts\/655507","targetHints":{"allow":["GET"]}}],"collection":[{"href":"https:\/\/www.europesays.com\/fr\/wp-json\/wp\/v2\/posts"}],"about":[{"href":"https:\/\/www.europesays.com\/fr\/wp-json\/wp\/v2\/types\/post"}],"author":[{"embeddable":true,"href":"https:\/\/www.europesays.com\/fr\/wp-json\/wp\/v2\/users\/2"}],"replies":[{"embeddable":true,"href":"https:\/\/www.europesays.com\/fr\/wp-json\/wp\/v2\/comments?post=655507"}],"version-history":[{"count":0,"href":"https:\/\/www.europesays.com\/fr\/wp-json\/wp\/v2\/posts\/655507\/revisions"}],"wp:featuredmedia":[{"embeddable":true,"href":"https:\/\/www.europesays.com\/fr\/wp-json\/wp\/v2\/media\/655508"}],"wp:attachment":[{"href":"https:\/\/www.europesays.com\/fr\/wp-json\/wp\/v2\/media?parent=655507"}],"wp:term":[{"taxonomy":"category","embeddable":true,"href":"https:\/\/www.europesays.com\/fr\/wp-json\/wp\/v2\/categories?post=655507"},{"taxonomy":"post_tag","embeddable":true,"href":"https:\/\/www.europesays.com\/fr\/wp-json\/wp\/v2\/tags?post=655507"}],"curies":[{"name":"wp","href":"https:\/\/api.w.org\/{rel}","templated":true}]}}