{"id":65551,"date":"2025-04-30T23:33:08","date_gmt":"2025-04-30T23:33:08","guid":{"rendered":"https:\/\/www.europesays.com\/fr\/65551\/"},"modified":"2025-04-30T23:33:08","modified_gmt":"2025-04-30T23:33:08","slug":"gare-du-nord-grosse-pagaille-cet-apres-midi-apres-un-incident-a-garges-le-trafic-reprend-progressivement","status":"publish","type":"post","link":"https:\/\/www.europesays.com\/fr\/65551\/","title":{"rendered":"Gare du Nord\u00a0: grosse pagaille cet apr\u00e8s-midi apr\u00e8s un incident \u00e0 Garges, le trafic \u00ab\u00a0reprend progressivement\u00a0\u00bb"},"content":{"rendered":"<p class=\"paragraph text_align_left\">On appelle cela l\u2019effet boule de neige. Le trafic \u00e0 la Gare du Nord est encore perturb\u00e9 ce mercredi soir. Eurostar, Grandes Lignes pour Lille, les t\u00e9moignages affluent sur les r\u00e9seaux sociaux pour faire \u00e9tat de l\u2019\u00e9tat de congestion de la plus grosse gare d\u2019Europe.<\/p>\n<p class=\"paragraph text_align_left\">Les causes de cette relative pagaille\u00a0? Le trafic est fortement perturb\u00e9 depuis le milieu d\u2019apr\u00e8s midi en raison d\u2019un incident voyageur sur la ligne du RER\u00a0D, nous a confirm\u00e9 la SNCF. En cause, un accident grave de personne survenu peu apr\u00e8s 14\u00a0heures en gare de <a href=\"https:\/\/www.leparisien.fr\/val-d-oise-95\/garges-sarcelles-la-psq-fait-ses-premiers-pas-a-la-gare-05-04-2018-7648515.php\" rel=\"nofollow noopener\" target=\"_blank\">Garges-Sarcelles<\/a>. <a href=\"https:\/\/www.leparisien.fr\/val-d-oise-95\/une-femme-percutee-par-un-train-en-gare-de-garges-sarcelles-le-trafic-du-rer-d-perturbe-30-04-2025-QHJIEESTPZBFXLAJSKKRO7JZYI.php\" target=\"_blank\" rel=\"nofollow noopener\">Une femme de 59 ans a \u00e9t\u00e9 percut\u00e9e par un train<\/a>. Les secours arriv\u00e9s rapidement sur place n\u2019ont rien pu faire pour la sauver et la victime, une habitante de Sarcelles, d\u00e9clar\u00e9e d\u00e9c\u00e9d\u00e9e sur place. La gare, \u00e9vacu\u00e9e, est rest\u00e9e ferm\u00e9e le temps de l\u2019intervention des secours et des constatations de la police.<\/p>\n<p>Le trafic reprend progressivement<\/p>\n<p class=\"paragraph text_align_left\">Le trafic a \u00e9t\u00e9 coup\u00e9 sur toute la ligne pour laisser les secours et la police intervenir. Le probl\u00e8me c\u2019est que les trains grandes lignes et l\u2019Eurostar passent aussi par cette gare pour joindre leur destination. L\u2019incident voyageur a pour ainsi dire eu lieu au mauvais en droit au mauvais moment, en cette vielle de pont du 1er\u00a0mai. Selon la SNCF, la reprise de la circulation par les autorit\u00e9s n\u2019a \u00e9t\u00e9 donn\u00e9e qu\u2019\u00e0 17h30, et le trafic \u00ab\u00a0reprend progressivement depuis lors\u00a0\u00bb.<\/p>\n<p class=\"paragraph text_align_left\">\u00ab\u00a0Il y a eu quelques perturbations r\u00e9siduelles, mais la mobilisation des agents a \u00e9t\u00e9 forte, sur le lieu de l\u2019incident et en Gare du Nord, pour distribuer des bouteilles d\u2019eau en raison de la chaleur aux passagers\u00a0\u00bb, nous a assur\u00e9 le transporteur.<\/p>\n<p class=\"paragraph text_align_left\">\u00c0 19\u00a0heures, le trafic restait fortement ralenti entre Orry-la-Ville et Corbeil-Essonnes, et entre Goussainville et Melun, dans les deux sens, avec des allongements de temps de parcours allant jusqu\u2019\u00e0 40 minutes, indiquait la SNCF sur ces r\u00e9seaux sociaux.<\/p>\n","protected":false},"excerpt":{"rendered":"On appelle cela l\u2019effet boule de neige. Le trafic \u00e0 la Gare du Nord est encore perturb\u00e9 ce&hellip;\n","protected":false},"author":2,"featured_media":65552,"comment_status":"","ping_status":"","sticky":false,"template":"","format":"standard","meta":{"footnotes":""},"categories":[1888],"tags":[1111,1928,11,1927,1777,674,1011,27,1944,12,1926,626,1925,25,2382],"class_list":{"0":"post-65551","1":"post","2":"type-post","3":"status-publish","4":"format-standard","5":"has-post-thumbnail","7":"category-paris","8":"tag-actu","9":"tag-actu-paris","10":"tag-actualites","11":"tag-actualites-paris","12":"tag-eu","13":"tag-europe","14":"tag-fr","15":"tag-france","16":"tag-ma-ville","17":"tag-news","18":"tag-news-paris","19":"tag-paris","20":"tag-paris-news","21":"tag-republique-francaise","22":"tag-transport-idf-oise"},"share_on_mastodon":{"url":"https:\/\/pubeurope.com\/@fr\/114429532783183854","error":""},"_links":{"self":[{"href":"https:\/\/www.europesays.com\/fr\/wp-json\/wp\/v2\/posts\/65551","targetHints":{"allow":["GET"]}}],"collection":[{"href":"https:\/\/www.europesays.com\/fr\/wp-json\/wp\/v2\/posts"}],"about":[{"href":"https:\/\/www.europesays.com\/fr\/wp-json\/wp\/v2\/types\/post"}],"author":[{"embeddable":true,"href":"https:\/\/www.europesays.com\/fr\/wp-json\/wp\/v2\/users\/2"}],"replies":[{"embeddable":true,"href":"https:\/\/www.europesays.com\/fr\/wp-json\/wp\/v2\/comments?post=65551"}],"version-history":[{"count":0,"href":"https:\/\/www.europesays.com\/fr\/wp-json\/wp\/v2\/posts\/65551\/revisions"}],"wp:featuredmedia":[{"embeddable":true,"href":"https:\/\/www.europesays.com\/fr\/wp-json\/wp\/v2\/media\/65552"}],"wp:attachment":[{"href":"https:\/\/www.europesays.com\/fr\/wp-json\/wp\/v2\/media?parent=65551"}],"wp:term":[{"taxonomy":"category","embeddable":true,"href":"https:\/\/www.europesays.com\/fr\/wp-json\/wp\/v2\/categories?post=65551"},{"taxonomy":"post_tag","embeddable":true,"href":"https:\/\/www.europesays.com\/fr\/wp-json\/wp\/v2\/tags?post=65551"}],"curies":[{"name":"wp","href":"https:\/\/api.w.org\/{rel}","templated":true}]}}