{"id":655518,"date":"2026-01-11T05:44:20","date_gmt":"2026-01-11T05:44:20","guid":{"rendered":"https:\/\/www.europesays.com\/fr\/655518\/"},"modified":"2026-01-11T05:44:20","modified_gmt":"2026-01-11T05:44:20","slug":"guerre-en-ukraine-un-nombre-anormalement-eleve-la-russie-a-perdu-au-moins-19-generaux-depuis-le-debut-du-conflit","status":"publish","type":"post","link":"https:\/\/www.europesays.com\/fr\/655518\/","title":{"rendered":"Guerre en Ukraine\u00a0: \u00ab\u00a0Un nombre anormalement \u00e9lev\u00e9\u00a0\u00bb, la Russie a perdu au moins 19 g\u00e9n\u00e9raux depuis le d\u00e9but du conflit"},"content":{"rendered":"<p>\n                                                                Depuis le d\u00e9clenchement de l\u2019invasion de l\u2019Ukraine en f\u00e9vrier\u00a02022, l\u2019\u00e9tat-major russe paye un tribut exceptionnellement lourd.\n                            <\/p>\n<p data-path-to-node=\"3\">Depuis le d\u00e9clenchement de l\u2019invasion de l\u2019Ukraine, l\u2019\u00e9tat-major russe paye\u00a0un tribut exceptionnellement lourd. Selon une enqu\u00eate publi\u00e9e le vendredi 9\u00a0janvier par le m\u00e9dia ind\u00e9pendant russe\u00a0<a href=\"https:\/\/theins.ru\/news\/288179\" target=\"_self\" rel=\"noopener\">The Insider,<\/a> au moins 19 g\u00e9n\u00e9raux russes ont trouv\u00e9 la mort depuis f\u00e9vrier\u00a02022.<\/p>\n<p data-path-to-node=\"5\">L\u2019enqu\u00eate souligne que l\u2019\u00e9limination des hauts grad\u00e9s ne se limite plus au champ de bataille. Si les premi\u00e8res pertes \u00e9taient dues \u00e0 des combats directs, la nature des risques a radicalement \u00e9volu\u00e9. Les d\u00e9c\u00e8s sont ensuite survenus lors de frappes de missiles, d\u2019op\u00e9rations de sabotage et d\u2019attentats \u00e0 la voiture pi\u00e9g\u00e9e en territoire russe.<\/p>\n<p data-path-to-node=\"5\">Nos confr\u00e8res\u00a0pr\u00e9cisent que cette h\u00e9catombe\u00a0ne frappe pas seulement l\u2019arm\u00e9e r\u00e9guli\u00e8re. Cinq g\u00e9n\u00e9raux retrait\u00e9s, ayant repris du service au sein d\u2019unit\u00e9s de volontaires ou de groupes paramilitaires tels que Wagner ou les bataillons Storm-Z, figurent parmi les 19 victimes.<\/p>\n<p>Un taux de mortalit\u00e9 jug\u00e9 \u00ab\u00a0anormalement \u00e9lev\u00e9\u00a0\u00bb<\/p>\n<p data-path-to-node=\"11\">Au-del\u00e0 des g\u00e9n\u00e9raux, le projet de surveillance Killed in Ukraine avance d\u2019autres chiffres vertigineux\u00a0: 7\u00a0495 officiers russes (tous grades confondus) auraient \u00e9t\u00e9 tu\u00e9s en moins de quatre ans.<\/p>\n<blockquote data-class=\"twitter-tweet\">\n<p lang=\"en\" dir=\"ltr\">At least 7495 Russian officers have been eliminated in the Russian invasion of Ukraine since 24 February 2022.<br \/>Weekly update: +80 newly registered.<br \/>Sources: public Russian obituaries and graves (see link in bio). <a href=\"https:\/\/t.co\/q1bpcgfpCC\">pic.twitter.com\/q1bpcgfpCC<\/a><\/p>\n<p>\u2014 KIU \\u272a Russian Officers killed in Ukraine \\ud83c\\udde8\\ud83c\\uddff\\ud83c\\uddfa\\ud83c\\udde6 (@KilledInUkraine) <a href=\"https:\/\/twitter.com\/KilledInUkraine\/status\/2003098543721177314?ref_src=twsrc%5Etfw\" target=\"_blank\" rel=\"noopener\">December 22, 2025<\/a><\/p><\/blockquote>\n<p data-path-to-node=\"11\">Ce taux de mortalit\u00e9 chez les officiers sup\u00e9rieurs est jug\u00e9 \u00ab\u00a0anormalement \u00e9lev\u00e9\u00a0\u00bb par les experts. Il r\u00e9v\u00e9lerait non seulement une fragilit\u00e9 de la s\u00e9curit\u00e9 int\u00e9rieure russe face aux sabotages, mais aussi une n\u00e9cessit\u00e9 pour les g\u00e9n\u00e9raux de s\u2019exposer pr\u00e8s du front pour pallier les carences de communication et de moral des troupes.<\/p>\n<p data-path-to-node=\"11\">\u00c0 noter enfin que de certains d\u00e9c\u00e8s recens\u00e9s par The Insider n\u2019ont pas \u00e9t\u00e9 officiellement confirm\u00e9s par le gouvernement russe<\/p>\n<p>                                                                                                                                                                                                        <script async src=\"https:\/\/platform.twitter.com\/widgets.js\" charset=\"utf-8\"><\/script><\/p>\n","protected":false},"excerpt":{"rendered":"Depuis le d\u00e9clenchement de l\u2019invasion de l\u2019Ukraine en f\u00e9vrier\u00a02022, l\u2019\u00e9tat-major russe paye un tribut exceptionnellement lourd. Depuis le&hellip;\n","protected":false},"author":2,"featured_media":655519,"comment_status":"","ping_status":"","sticky":false,"template":"","format":"standard","meta":{"footnotes":""},"categories":[1591],"tags":[1111,11,1887,131,14,12,1885,1886,132],"class_list":{"0":"post-655518","1":"post","2":"type-post","3":"status-publish","4":"format-standard","5":"has-post-thumbnail","7":"category-russie","8":"tag-actu","9":"tag-actualites","10":"tag-federation-de-russie","11":"tag-guerre-en-ukraine","12":"tag-international","13":"tag-news","14":"tag-russia","15":"tag-russian-federation","16":"tag-russie"},"share_on_mastodon":{"url":"https:\/\/pubeurope.com\/@fr\/115874880825165778","error":""},"_links":{"self":[{"href":"https:\/\/www.europesays.com\/fr\/wp-json\/wp\/v2\/posts\/655518","targetHints":{"allow":["GET"]}}],"collection":[{"href":"https:\/\/www.europesays.com\/fr\/wp-json\/wp\/v2\/posts"}],"about":[{"href":"https:\/\/www.europesays.com\/fr\/wp-json\/wp\/v2\/types\/post"}],"author":[{"embeddable":true,"href":"https:\/\/www.europesays.com\/fr\/wp-json\/wp\/v2\/users\/2"}],"replies":[{"embeddable":true,"href":"https:\/\/www.europesays.com\/fr\/wp-json\/wp\/v2\/comments?post=655518"}],"version-history":[{"count":0,"href":"https:\/\/www.europesays.com\/fr\/wp-json\/wp\/v2\/posts\/655518\/revisions"}],"wp:featuredmedia":[{"embeddable":true,"href":"https:\/\/www.europesays.com\/fr\/wp-json\/wp\/v2\/media\/655519"}],"wp:attachment":[{"href":"https:\/\/www.europesays.com\/fr\/wp-json\/wp\/v2\/media?parent=655518"}],"wp:term":[{"taxonomy":"category","embeddable":true,"href":"https:\/\/www.europesays.com\/fr\/wp-json\/wp\/v2\/categories?post=655518"},{"taxonomy":"post_tag","embeddable":true,"href":"https:\/\/www.europesays.com\/fr\/wp-json\/wp\/v2\/tags?post=655518"}],"curies":[{"name":"wp","href":"https:\/\/api.w.org\/{rel}","templated":true}]}}